{"id":52418,"date":"2022-04-22T10:17:22","date_gmt":"2022-04-22T13:17:22","guid":{"rendered":"https:\/\/www.centraldenoticias.com.ar\/?p=52418"},"modified":"2022-04-22T11:15:30","modified_gmt":"2022-04-22T14:15:30","slug":"wesner-es-nuestra-obligacion-desde-el-estado-apuntalar-los-ingresos","status":"publish","type":"post","link":"https:\/\/cdnoticias.com\/index.php\/2022\/04\/22\/wesner-es-nuestra-obligacion-desde-el-estado-apuntalar-los-ingresos\/","title":{"rendered":"Wesner: \u201cEs nuestra obligaci\u00f3n desde el Estado apuntalar los ingresos\u201d"},"content":{"rendered":"<p>El titular local de Anses se refiri\u00f3 al Refuerzo de Ingresos. Ya se pueden actualizar los datos personales en la web del organismo y a partir del 28 de abril concretar la inscripci\u00f3n para acceder al beneficio.<!--more--><\/p>\n<hr \/>\n<p>El titular local de Anses, <strong>Maximiliano Wesner<\/strong>, habl\u00f3 con <em>Central de Noticias<\/em> sobre el inicio de la preinscripci\u00f3n para actualizar los datos personales con el fin de acceder al <strong>Refuerzo de Ingresos de $18.000<\/strong> para trabajadoras y trabajadores sin ingresos formales, trabajadoras y trabajadores de casas particulares, monotributistas sociales y monotributistas A y B.<\/p>\n<p>&nbsp;<\/p>\n<p>La posibilidad de realizar la preinscripci\u00f3n personal y voluntaria se realizar\u00e1 \u00fanicamente en el <a href=\"https:\/\/www.anses.gob.ar\/\" target=\"_blank\" rel=\"noopener\">sitio web de la Administraci\u00f3n Nacional de la Seguridad Social<\/a> para acceder a este beneficio. <strong>\u201cEn Anses no podemos realizar la inscripci\u00f3n. Lo que podemos hacer es atender a las personas sin turno para actualizar los datos y que est\u00e9n cargados correctamente\u201d<\/strong>, indic\u00f3 Wesner.<\/p>\n<p>&nbsp;<\/p>\n<p>Por otra parte, resalt\u00f3 que orientan a las personas que no tienen acceso a internet para que puedan dirigirse a organismos como el Ministerio de Desarrollo Social de Naci\u00f3n o el Centro de Acceso a la Justicia para que puedan concretar el tr\u00e1mite de inscripci\u00f3n a partir del <strong>28 de abril.<\/strong><\/p>\n<p>&nbsp;<\/p>\n<p>Adem\u00e1s, el funcionario destac\u00f3 que el objetivo del Refuerzo es que \u201cllegue efectivamente a quienes corresponde\u201d, por esto, Anses evaluar\u00e1 la situaci\u00f3n patrimonial, socioecon\u00f3mica y de consumo de las y los solicitantes.<\/p>\n<p>&nbsp;<\/p>\n<blockquote><p>\u201cLa medida fue recepcionada de la mejor forma y de la mejor manera. En este contexto internacional que no es favorable se produjo una aceleraci\u00f3n de la inflaci\u00f3n. Es nuestra obligaci\u00f3n desde el Estado apuntalar los ingresos para que no se pierda capacidad de compra\u201d, afirm\u00f3 Wesner.<\/p><\/blockquote>\n<p>&nbsp;<\/p>\n<p>Wesner record\u00f3 que <strong>la otra poblaci\u00f3n alcanzada por un Refuerzo de Ingresos de $12.000 no tiene que realizar ning\u00fan tr\u00e1mite porque el pago es autom\u00e1tico en mayo<\/strong> para personas jubiladas y\/o pensionadas con ingresos de hasta 2 jubilaciones m\u00ednimas; titulares de Pensiones No Contributivas (PNC); titulares de la Pensi\u00f3n Universal para el Adulto Mayor (PUAM).<\/p>\n<p>&nbsp;<\/p>\n<p>\u201cEsta poblaci\u00f3n va a cobrar el refuerzo en forma autom\u00e1tica en el mes de mayo sin necesidad que de realizar ning\u00fan tr\u00e1mite\u201d, asegur\u00f3.<\/p>\n<p>&nbsp;<\/p>\n<p>Por \u00faltimo, <strong>alert\u00f3 a las personas para que est\u00e9n atentas y no brinden ning\u00fan tipo de dato personales<\/strong> ya que \u201cAnses no realiza llamados ni pide datos ni claves personales\u201d. Esto es importante para<strong> evitar cualquier tipo de estafas.<\/strong><\/p>\n<p>&nbsp;<\/p>\n<p><img data-recalc-dims=\"1\" loading=\"lazy\" decoding=\"async\" class=\"aligncenter size-full wp-image-38291\" src=\"https:\/\/i0.wp.com\/cdnoticias.com\/wp-content\/uploads\/2021\/11\/wesner6.jpg?resize=800%2C445&#038;ssl=1\" alt=\"\" width=\"800\" height=\"445\" srcset=\"https:\/\/i0.wp.com\/cdnoticias.com\/wp-content\/uploads\/2021\/11\/wesner6.jpg?w=1600&amp;ssl=1 1600w, https:\/\/i0.wp.com\/cdnoticias.com\/wp-content\/uploads\/2021\/11\/wesner6.jpg?resize=300%2C167&amp;ssl=1 300w, https:\/\/i0.wp.com\/cdnoticias.com\/wp-content\/uploads\/2021\/11\/wesner6.jpg?resize=768%2C427&amp;ssl=1 768w, https:\/\/i0.wp.com\/cdnoticias.com\/wp-content\/uploads\/2021\/11\/wesner6.jpg?resize=1024%2C570&amp;ssl=1 1024w, https:\/\/i0.wp.com\/cdnoticias.com\/wp-content\/uploads\/2021\/11\/wesner6.jpg?resize=800%2C445&amp;ssl=1 800w\" sizes=\"auto, (max-width: 800px) 100vw, 800px\" \/><\/p>\n<p><strong>\u00a0<\/strong><\/p>\n<p><strong>C\u00f3mo realizar la inscripci\u00f3n para el Refuerzo de $18.000 <\/strong><\/p>\n<p>&nbsp;<\/p>\n<p><strong>1-<\/strong>Ingres\u00e1 en <a href=\"https:\/\/servicioscorp.anses.gob.ar\/clavelogon\/logon.aspx?system=miansesv2\" target=\"_blank\" rel=\"noopener\">mi ANSES<\/a><\/p>\n<p>Para comenzar la inscripci\u00f3n al Refuerzo de Ingresos ten\u00e9s que ingresar a mi ANSES con tu CUIL y Clave de la Seguridad Social.<\/p>\n<p>&nbsp;<\/p>\n<p><strong>2-<\/strong>Si no ten\u00e9s Clave de la Seguridad Social o CUIL<\/p>\n<p>Si todav\u00eda no ten\u00e9s Clave de la Seguridad Social o no te la acord\u00e1s, cre\u00e1 tu clave ingresando<a href=\"https:\/\/servicioscorp.anses.gob.ar\/claveuser\/?system=miansesv2&amp;filter=cvssrepre\" target=\"_blank\" rel=\"noopener\"> ac\u00e1.<\/a> \u00a1Es muy f\u00e1cil! Segu\u00ed los pasos y eleg\u00ed una clave segura y f\u00e1cil de recordar.<\/p>\n<p>&nbsp;<\/p>\n<p>Si no te acord\u00e1s tu CUIL pod\u00e9s consultarlo <a href=\"https:\/\/www.anses.gob.ar\/consulta\/constancia-de-cuil\" target=\"_blank\" rel=\"noopener\">ac\u00e1.<\/a><\/p>\n<p>&nbsp;<\/p>\n<p><strong>3-<\/strong>Una vez que ingreses en mi ANSES, complet\u00e1 tus datos de contacto<\/p>\n<p>Eleg\u00ed la opci\u00f3n <strong>Refuerzo de Ingresos<\/strong> y segu\u00ed los pasos para completar o actualizar tus datos de contacto (domicilio, tel\u00e9fono y correo electr\u00f3nico). Si tu informaci\u00f3n est\u00e1 incompleta o incorrecta, pod\u00e9s modificarla en el momento.<\/p>\n<p>&nbsp;<\/p>\n<p><strong>En caso de que tu CUIL figure como no acreditado, vas a tener que dirigirte a una oficina sin turno.<\/strong><\/p>\n<p>&nbsp;<\/p>\n<p><strong>4-<\/strong>Termin\u00e1 la inscripci\u00f3n al Refuerzo de Ingresos a partir del 28\/04<\/p>\n<p>Si ya actualizaste tus datos de contacto, volv\u00e9 a ingresar a partir del 28\/04 a mi ANSES con tu CUIL y Clave de la Seguridad Social.<\/p>\n<p>&nbsp;<\/p>\n<p>Eleg\u00ed la opci\u00f3n Refuerzo de Ingresos, <strong>complet\u00e1 la declaraci\u00f3n jurada y valid\u00e1 o carg\u00e1 una CBU, donde vas a recibir el Refuerzo de Ingresos de $18.000.<\/strong> Si no ten\u00e9s una cuenta bancaria a tu nombre, te compartimos toda la informaci\u00f3n que necesitas para tramitarla.<\/p>\n<p>&nbsp;<\/p>\n<p>Es muy importante que sepas que para acceder al Refuerzo de Ingresos, deb\u00e9s contar con una CBU a tu nombre.<\/p>\n<p>&nbsp;<\/p>\n<p>Una vez completado todos los pasos, vas a haber finalizado la inscripci\u00f3n.<\/p>\n<p>&nbsp;<\/p>\n<p><strong>5-<\/strong>\u00bfC\u00f3mo s\u00e9 si me otorgaron el Refuerzo de Ingresos?<\/p>\n<p>A partir del<strong> 05\/05, pod\u00e9s ingresar a mi ANSES con tu CUIL y Clave de la Seguridad Social para consultar si te corresponde el Refuerzo de Ingresos.<\/strong><\/p>\n","protected":false},"excerpt":{"rendered":"<p>El titular local de Anses se refiri\u00f3 al Refuerzo de Ingresos. Ya se pueden actualizar los datos personales en la<\/p>\n","protected":false},"author":5,"featured_media":38290,"comment_status":"closed","ping_status":"closed","sticky":false,"template":"","format":"standard","meta":{"_jetpack_memberships_contains_paid_content":false,"footnotes":""},"categories":[5,1],"tags":[],"class_list":["post-52418","post","type-post","status-publish","format-standard","has-post-thumbnail","hentry","category-informacion-general","category-portada"],"jetpack_featured_media_url":"https:\/\/i0.wp.com\/cdnoticias.com\/wp-content\/uploads\/2021\/11\/wesner5.jpg?fit=1600%2C890&ssl=1","jetpack_sharing_enabled":true,"_links":{"self":[{"href":"https:\/\/cdnoticias.com\/index.php\/wp-json\/wp\/v2\/posts\/52418","targetHints":{"allow":["GET"]}}],"collection":[{"href":"https:\/\/cdnoticias.com\/index.php\/wp-json\/wp\/v2\/posts"}],"about":[{"href":"https:\/\/cdnoticias.com\/index.php\/wp-json\/wp\/v2\/types\/post"}],"author":[{"embeddable":true,"href":"https:\/\/cdnoticias.com\/index.php\/wp-json\/wp\/v2\/users\/5"}],"replies":[{"embeddable":true,"href":"https:\/\/cdnoticias.com\/index.php\/wp-json\/wp\/v2\/comments?post=52418"}],"version-history":[{"count":0,"href":"https:\/\/cdnoticias.com\/index.php\/wp-json\/wp\/v2\/posts\/52418\/revisions"}],"wp:featuredmedia":[{"embeddable":true,"href":"https:\/\/cdnoticias.com\/index.php\/wp-json\/wp\/v2\/media\/38290"}],"wp:attachment":[{"href":"https:\/\/cdnoticias.com\/index.php\/wp-json\/wp\/v2\/media?parent=52418"}],"wp:term":[{"taxonomy":"category","embeddable":true,"href":"https:\/\/cdnoticias.com\/index.php\/wp-json\/wp\/v2\/categories?post=52418"},{"taxonomy":"post_tag","embeddable":true,"href":"https:\/\/cdnoticias.com\/index.php\/wp-json\/wp\/v2\/tags?post=52418"}],"curies":[{"name":"wp","href":"https:\/\/api.w.org\/{rel}","templated":true}]}}