{"id":52414,"date":"2022-04-24T14:00:34","date_gmt":"2022-04-24T17:00:34","guid":{"rendered":"https:\/\/www.centraldenoticias.com.ar\/?p=52414"},"modified":"2022-04-24T14:00:34","modified_gmt":"2022-04-24T17:00:34","slug":"vehiculos-electricos-concejales-recibieron-a-representantes-de-una-compania-de-seguros","status":"publish","type":"post","link":"https:\/\/cdnoticias.com\/index.php\/2022\/04\/24\/vehiculos-electricos-concejales-recibieron-a-representantes-de-una-compania-de-seguros\/","title":{"rendered":"Veh\u00edculos el\u00e9ctricos: concejales recibieron a representantes de una compa\u00f1\u00eda de seguros"},"content":{"rendered":"<p>Se analiza una propuesta para regular los veh\u00edculos de movilidad de personal. En la comisi\u00f3n de Seguridad se analiz\u00f3 la cobertura de seguros de estos m\u00f3viles.<!--more--><\/p>\n<hr \/>\n<p><strong>La comisi\u00f3n de Seguridad del Concejo Deliberante, que preside el concejal Sebasti\u00e1n Matrella (UCR-Juntos), recibi\u00f3 este jueves a representantes de una compa\u00f1\u00eda de seguros local<\/strong> en el marco del an\u00e1lisis del proyecto de ordenanza mediante el cual la Municipalidad del Partido de Olavarr\u00eda adhiere a la disposici\u00f3n N\u00b0 480\/20 sobre el <strong>marco regulatorio para circulaci\u00f3n de veh\u00edculos de movilidad personal, entre los que se encuentran los veh\u00edculos el\u00e9ctricos.<\/strong><\/p>\n<p>&nbsp;<\/p>\n<p>El proyecto tom\u00f3 estado parlamentario el 30 de noviembre pasado. Desde inicio de este a\u00f1o el mismo est\u00e1 en estudio en la comisi\u00f3n de Seguridad y por ese motivo este jueves <strong>participaron de la reuni\u00f3n Juan Pablo Castagnino y Carlos Riccovene, representantes de Nativa Seguros<\/strong>.<\/p>\n<p>&nbsp;<\/p>\n<p>Desde la comisi\u00f3n de Seguridad del HCD se indic\u00f3 que los representantes de la empresa de seguros Nativa confirmaron que<strong> este tipo de veh\u00edculos se encuentran en condiciones de ser asegurados<\/strong> e incluso reconocieron que existen en la actualidad una importante cantidad de consultas respecto al seguro del bien. En este sentido remarcaron que adem\u00e1s se podr\u00edan ampliar coberturas para contemplar posibles da\u00f1os a terceros y responsabilidad civil, dado que la disposici\u00f3n nacional autoriza la circulaci\u00f3n de estos veh\u00edculos por v\u00edas permitidas.<\/p>\n<p>&nbsp;<\/p>\n<blockquote><p>En el proyecto quedan definidos los veh\u00edculos de movilidad personal que son considerados aquellos \u201cveh\u00edculos de una o m\u00e1s ruedas, destinado al traslado de personas y autopropulsado por motorizaci\u00f3n el\u00e9ctrica o cualquier otro tipo de motorizaci\u00f3n\u201d.\u00a0La ordenanza busca de esta manera adherir a la Disposici\u00f3n N\u00b0 480\/2020 la cual forma parte del proyecto como anexo.<\/p><\/blockquote>\n<p>&nbsp;<\/p>\n<p>Tras escuchar a los representantes de la empresa de seguros la comisi\u00f3n de Seguridad determin\u00f3 que el expediente contin\u00fae su tr\u00e1mite parlamentario y<strong> fue despachado a la comisi\u00f3n de Hacienda<\/strong>.<\/p>\n<p>&nbsp;<\/p>\n<p>Participaron de la reuni\u00f3n, adem\u00e1s del presidente, los concejales<strong> Gast\u00f3n Sarachu, Javier Fr\u00edas y Maite Salerno<\/strong>.<\/p>\n","protected":false},"excerpt":{"rendered":"<p>Se analiza una propuesta para regular los veh\u00edculos de movilidad de personal. En la comisi\u00f3n de Seguridad se analiz\u00f3 la<\/p>\n","protected":false},"author":4,"featured_media":52409,"comment_status":"closed","ping_status":"closed","sticky":false,"template":"","format":"standard","meta":{"_jetpack_memberships_contains_paid_content":false,"footnotes":""},"categories":[4,1],"tags":[],"class_list":["post-52414","post","type-post","status-publish","format-standard","has-post-thumbnail","hentry","category-politica","category-portada"],"jetpack_featured_media_url":"https:\/\/i0.wp.com\/cdnoticias.com\/wp-content\/uploads\/2022\/04\/HCD-comision-de-seguridad.jpg?fit=800%2C445&ssl=1","jetpack_sharing_enabled":true,"_links":{"self":[{"href":"https:\/\/cdnoticias.com\/index.php\/wp-json\/wp\/v2\/posts\/52414","targetHints":{"allow":["GET"]}}],"collection":[{"href":"https:\/\/cdnoticias.com\/index.php\/wp-json\/wp\/v2\/posts"}],"about":[{"href":"https:\/\/cdnoticias.com\/index.php\/wp-json\/wp\/v2\/types\/post"}],"author":[{"embeddable":true,"href":"https:\/\/cdnoticias.com\/index.php\/wp-json\/wp\/v2\/users\/4"}],"replies":[{"embeddable":true,"href":"https:\/\/cdnoticias.com\/index.php\/wp-json\/wp\/v2\/comments?post=52414"}],"version-history":[{"count":0,"href":"https:\/\/cdnoticias.com\/index.php\/wp-json\/wp\/v2\/posts\/52414\/revisions"}],"wp:featuredmedia":[{"embeddable":true,"href":"https:\/\/cdnoticias.com\/index.php\/wp-json\/wp\/v2\/media\/52409"}],"wp:attachment":[{"href":"https:\/\/cdnoticias.com\/index.php\/wp-json\/wp\/v2\/media?parent=52414"}],"wp:term":[{"taxonomy":"category","embeddable":true,"href":"https:\/\/cdnoticias.com\/index.php\/wp-json\/wp\/v2\/categories?post=52414"},{"taxonomy":"post_tag","embeddable":true,"href":"https:\/\/cdnoticias.com\/index.php\/wp-json\/wp\/v2\/tags?post=52414"}],"curies":[{"name":"wp","href":"https:\/\/api.w.org\/{rel}","templated":true}]}}