{"id":52351,"date":"2022-04-21T18:19:31","date_gmt":"2022-04-21T21:19:31","guid":{"rendered":"https:\/\/www.centraldenoticias.com.ar\/?p=52351"},"modified":"2022-04-21T18:19:31","modified_gmt":"2022-04-21T21:19:31","slug":"jovenes-radicales-de-olavarria-celebramos-que-el-ejecutivo-se-acuerde-de-los-jovenes-y-de-gestionar","status":"publish","type":"post","link":"https:\/\/cdnoticias.com\/index.php\/2022\/04\/21\/jovenes-radicales-de-olavarria-celebramos-que-el-ejecutivo-se-acuerde-de-los-jovenes-y-de-gestionar\/","title":{"rendered":"J\u00f3venes Radicales de Olavarr\u00eda: &#8220;Celebramos que el ejecutivo se acuerde de los j\u00f3venes y de gestionar&#8221;"},"content":{"rendered":"<p>Desde el espacio hicieron referencia a los bares de la ciudad de Olavarr\u00eda. Los detalles. <!--more--><\/p>\n<hr \/>\n<p>Desde <strong>J\u00f3venes Radicales de Olavarr\u00eda<\/strong> se envi\u00f3 un comunicado en el cual <strong>hacen referencia a los bares de la ciudad de Olavarr\u00eda.<\/strong> &#8220;<strong>Hace tiempo que venimos remarcando que la noche de Olavarr\u00eda implica una problem\u00e1tica, que es visibilizada y exige soluciones por parte de los y las j\u00f3venes<\/strong>&#8220;.<\/p>\n<p>&nbsp;<\/p>\n<p>El espacio comunic\u00f3 que<strong> el a\u00f1o pasado armaron un proyecto llamado &#8220;Bares Seguros&#8221; que se present\u00f3 en el Concejo Deliberante<\/strong>. &#8220;Un a\u00f1o atr\u00e1s, haci\u00e9ndonos eco de <strong>reiterados hechos de violencia, discriminaci\u00f3n<\/strong> y del pedido de respuesta de j\u00f3venes como nosotrxs que <strong>no pod\u00edan salir a divertirse sin poner su vida en riesgo: dedicimos ACTUAR&#8221; indicaron<\/strong>.<\/p>\n<p>&nbsp;<\/p>\n<p>&#8220;En ese momento<strong> nos enfocamos en los bares y boliches de nuestra ciudad,<\/strong> los recorrimos acerc\u00e1ndoles <strong>un proyecto \u201cBARES SEGUROS\u201d<\/strong> que al poco tiempo presentamos en el Honorable Concejo Deliberante. En el mismo ped\u00edamos que<strong> se capacite y exija que todos los due\u00f1xs, empleadxs y personal de seguridad de los establecimientos nocturnos realicen una capacitaci\u00f3n sobre violencia de g\u00e9nero y discriminaci\u00f3n<\/strong> con el objetivo de detener y atender en el momento que se capta dicho acto. As\u00ed como tambi\u00e9n para que lxs j\u00f3venes supi\u00e9ramos que el personal del establecimiento iba a estar a disposici\u00f3n para ayudar y actuar de la manera correcta&#8221; explicaron.<\/p>\n<p>&nbsp;<\/p>\n<p><strong>&#8220;\u00bfQue pas\u00f3 con ese proyecto?<\/strong> Circulaba por las distintas comisiones del Concejo, hasta este a\u00f1o que comenz\u00f3 a modificarse y expandir su alcance, una labor conjunta de todos los bloques. A partir del disparador que <strong>fue nuestro proyecto<\/strong> se viene armando una propuesta superadora, que engloba a toda la ciudad y a todos los niveles locales, provinciales y nacionales. Es por esto que conociendo la urgencia de la situaci\u00f3n, retomamos el pedido al cuerpo deliberativo que nos acompa\u00f1e y de esta manera <strong>no seguir lamentando hechos como los que ocurrieron en este \u00faltimo fin de semana&#8221;<\/strong> afirmaron.<\/p>\n<p>&nbsp;<\/p>\n<p>&#8220;La<strong> violencia a la que estamos sometidxs puede tener una salida a corto plazo<\/strong>. <strong>El desamparo pol\u00edtico hacia lxs j\u00f3venes debe terminar, con pol\u00edticas p\u00fablicas reales y a tiempo.<\/strong> Creemos que <strong>es necesaria la perspectiva de g\u00e9nero; atender el acoso y la violencia en los espacio p\u00fablico;<\/strong> y, sobre todo, desarrollar pol\u00edticas con enfoque de g\u00e9nero y libre de discriminaci\u00f3n que brinde seguridad, confianza y accesibilidad para las mujeres y para todes les que quieran divertirse libremente. <strong>Celebramos que el ejecutivo se acuerde de lxs j\u00f3venes y de gestionar<\/strong>&#8221; cerraron.<\/p>\n","protected":false},"excerpt":{"rendered":"<p>Desde el espacio hicieron referencia a los bares de la ciudad de Olavarr\u00eda. Los detalles.<\/p>\n","protected":false},"author":6,"featured_media":52354,"comment_status":"closed","ping_status":"closed","sticky":false,"template":"","format":"standard","meta":{"_jetpack_memberships_contains_paid_content":false,"footnotes":""},"categories":[4,1],"tags":[],"class_list":["post-52351","post","type-post","status-publish","format-standard","has-post-thumbnail","hentry","category-politica","category-portada"],"jetpack_featured_media_url":"https:\/\/i0.wp.com\/cdnoticias.com\/wp-content\/uploads\/2022\/04\/Diseno-sin-titulo-5.jpg?fit=1920%2C1080&ssl=1","jetpack_sharing_enabled":true,"_links":{"self":[{"href":"https:\/\/cdnoticias.com\/index.php\/wp-json\/wp\/v2\/posts\/52351","targetHints":{"allow":["GET"]}}],"collection":[{"href":"https:\/\/cdnoticias.com\/index.php\/wp-json\/wp\/v2\/posts"}],"about":[{"href":"https:\/\/cdnoticias.com\/index.php\/wp-json\/wp\/v2\/types\/post"}],"author":[{"embeddable":true,"href":"https:\/\/cdnoticias.com\/index.php\/wp-json\/wp\/v2\/users\/6"}],"replies":[{"embeddable":true,"href":"https:\/\/cdnoticias.com\/index.php\/wp-json\/wp\/v2\/comments?post=52351"}],"version-history":[{"count":0,"href":"https:\/\/cdnoticias.com\/index.php\/wp-json\/wp\/v2\/posts\/52351\/revisions"}],"wp:featuredmedia":[{"embeddable":true,"href":"https:\/\/cdnoticias.com\/index.php\/wp-json\/wp\/v2\/media\/52354"}],"wp:attachment":[{"href":"https:\/\/cdnoticias.com\/index.php\/wp-json\/wp\/v2\/media?parent=52351"}],"wp:term":[{"taxonomy":"category","embeddable":true,"href":"https:\/\/cdnoticias.com\/index.php\/wp-json\/wp\/v2\/categories?post=52351"},{"taxonomy":"post_tag","embeddable":true,"href":"https:\/\/cdnoticias.com\/index.php\/wp-json\/wp\/v2\/tags?post=52351"}],"curies":[{"name":"wp","href":"https:\/\/api.w.org\/{rel}","templated":true}]}}