{"id":52331,"date":"2022-04-21T16:25:08","date_gmt":"2022-04-21T19:25:08","guid":{"rendered":"https:\/\/www.centraldenoticias.com.ar\/?p=52331"},"modified":"2022-04-21T16:25:08","modified_gmt":"2022-04-21T19:25:08","slug":"consejeros-del-frente-de-todos-denunciaron-que-la-escuela-secundaria-7-se-sigue-lloviendo","status":"publish","type":"post","link":"https:\/\/cdnoticias.com\/index.php\/2022\/04\/21\/consejeros-del-frente-de-todos-denunciaron-que-la-escuela-secundaria-7-se-sigue-lloviendo\/","title":{"rendered":"Consejeros del Frente de Todos denunciaron que la Escuela Secundaria 7 \u201cse sigue lloviendo\u201d"},"content":{"rendered":"<p>As\u00ed fue confirmado tras una recorrida. Corroboraron que los trabajos realizados \u201cno son suficiente\u201d. <!--more--><\/p>\n<hr \/>\n<p>Tras una jornada compleja de lluvias el pasado mi\u00e9rcoles,<strong> el cuerpo de consejeros escolares del Frente de Todos denunci\u00f3, tras una recorrida, que la Escuela Secundaria 7 sigue con problemas de infraestructura y se llueve.<\/strong><\/p>\n<p>&nbsp;<\/p>\n<p>Es por ello que contin\u00faan reclamando por las obras para<strong><em> \u201cevitar que el nuevo edificio de Secundaria 7 se llueva, debido a que no cuenta con un correcto desag\u00fce y se producen filtraciones\u201d.<\/em><\/strong><\/p>\n<p>&nbsp;<\/p>\n<p><img data-recalc-dims=\"1\" loading=\"lazy\" decoding=\"async\" class=\"alignnone size-large wp-image-52333\" src=\"https:\/\/i0.wp.com\/cdnoticias.com\/wp-content\/uploads\/2022\/04\/WhatsApp-Image-2022-04-21-at-3.25.05-PM.jpeg?resize=800%2C523&#038;ssl=1\" alt=\"\" width=\"800\" height=\"523\" srcset=\"https:\/\/i0.wp.com\/cdnoticias.com\/wp-content\/uploads\/2022\/04\/WhatsApp-Image-2022-04-21-at-3.25.05-PM.jpeg?resize=1024%2C669&amp;ssl=1 1024w, https:\/\/i0.wp.com\/cdnoticias.com\/wp-content\/uploads\/2022\/04\/WhatsApp-Image-2022-04-21-at-3.25.05-PM.jpeg?resize=300%2C196&amp;ssl=1 300w, https:\/\/i0.wp.com\/cdnoticias.com\/wp-content\/uploads\/2022\/04\/WhatsApp-Image-2022-04-21-at-3.25.05-PM.jpeg?resize=768%2C502&amp;ssl=1 768w, https:\/\/i0.wp.com\/cdnoticias.com\/wp-content\/uploads\/2022\/04\/WhatsApp-Image-2022-04-21-at-3.25.05-PM.jpeg?w=1280&amp;ssl=1 1280w\" sizes=\"auto, (max-width: 800px) 100vw, 800px\" \/><\/p>\n<p>&nbsp;<\/p>\n<p><em>\u201cLo primero que hicimos fue presentar un pedido de informes por la entrada de agua a falta de pluviales, corroboramos las filtraciones y si bien se comprometieron a hacer los arreglos necesarios ayer volvimos mientras llov\u00eda y constatamos que la situaci\u00f3n no ha mejorado. Las filtraciones en la zona de ba\u00f1os est\u00e1n poniendo en riesgo todo el cielorraso y dificulta el tr\u00e1nsito seguro con la gravedad de que est\u00e1n destinados a personas con discapacidades\u201d<\/em>, destac\u00f3 el consejero Ariel Rodr\u00edguez.<\/p>\n<p>&nbsp;<\/p>\n<p><img data-recalc-dims=\"1\" loading=\"lazy\" decoding=\"async\" class=\"alignnone size-full wp-image-52332\" src=\"https:\/\/i0.wp.com\/cdnoticias.com\/wp-content\/uploads\/2022\/04\/WhatsApp-Image-2022-04-21-at-3.25.03-PM.jpeg?resize=800%2C564&#038;ssl=1\" alt=\"\" width=\"800\" height=\"564\" srcset=\"https:\/\/i0.wp.com\/cdnoticias.com\/wp-content\/uploads\/2022\/04\/WhatsApp-Image-2022-04-21-at-3.25.03-PM.jpeg?w=960&amp;ssl=1 960w, https:\/\/i0.wp.com\/cdnoticias.com\/wp-content\/uploads\/2022\/04\/WhatsApp-Image-2022-04-21-at-3.25.03-PM.jpeg?resize=300%2C212&amp;ssl=1 300w, https:\/\/i0.wp.com\/cdnoticias.com\/wp-content\/uploads\/2022\/04\/WhatsApp-Image-2022-04-21-at-3.25.03-PM.jpeg?resize=768%2C542&amp;ssl=1 768w\" sizes=\"auto, (max-width: 800px) 100vw, 800px\" \/><\/p>\n<p>&nbsp;<\/p>\n<p><em><strong>\u201cSe trata de un edificio nuevo y realmente es una l\u00e1stima que ya est\u00e9 en ese estado y que se siga deteriorando\u201d<\/strong> <\/em>concluy\u00f3 Rodr\u00edguez.<\/p>\n","protected":false},"excerpt":{"rendered":"<p>As\u00ed fue confirmado tras una recorrida. Corroboraron que los trabajos realizados \u201cno son suficiente\u201d.<\/p>\n","protected":false},"author":2,"featured_media":52334,"comment_status":"closed","ping_status":"closed","sticky":false,"template":"","format":"standard","meta":{"_jetpack_memberships_contains_paid_content":false,"footnotes":""},"categories":[4,1],"tags":[],"class_list":["post-52331","post","type-post","status-publish","format-standard","has-post-thumbnail","hentry","category-politica","category-portada"],"jetpack_featured_media_url":"https:\/\/i0.wp.com\/cdnoticias.com\/wp-content\/uploads\/2022\/04\/WhatsApp-Image-2022-04-21-at-3.25.04-PM.jpeg?fit=960%2C640&ssl=1","jetpack_sharing_enabled":true,"_links":{"self":[{"href":"https:\/\/cdnoticias.com\/index.php\/wp-json\/wp\/v2\/posts\/52331","targetHints":{"allow":["GET"]}}],"collection":[{"href":"https:\/\/cdnoticias.com\/index.php\/wp-json\/wp\/v2\/posts"}],"about":[{"href":"https:\/\/cdnoticias.com\/index.php\/wp-json\/wp\/v2\/types\/post"}],"author":[{"embeddable":true,"href":"https:\/\/cdnoticias.com\/index.php\/wp-json\/wp\/v2\/users\/2"}],"replies":[{"embeddable":true,"href":"https:\/\/cdnoticias.com\/index.php\/wp-json\/wp\/v2\/comments?post=52331"}],"version-history":[{"count":0,"href":"https:\/\/cdnoticias.com\/index.php\/wp-json\/wp\/v2\/posts\/52331\/revisions"}],"wp:featuredmedia":[{"embeddable":true,"href":"https:\/\/cdnoticias.com\/index.php\/wp-json\/wp\/v2\/media\/52334"}],"wp:attachment":[{"href":"https:\/\/cdnoticias.com\/index.php\/wp-json\/wp\/v2\/media?parent=52331"}],"wp:term":[{"taxonomy":"category","embeddable":true,"href":"https:\/\/cdnoticias.com\/index.php\/wp-json\/wp\/v2\/categories?post=52331"},{"taxonomy":"post_tag","embeddable":true,"href":"https:\/\/cdnoticias.com\/index.php\/wp-json\/wp\/v2\/tags?post=52331"}],"curies":[{"name":"wp","href":"https:\/\/api.w.org\/{rel}","templated":true}]}}