{"id":52270,"date":"2022-04-21T10:53:23","date_gmt":"2022-04-21T13:53:23","guid":{"rendered":"https:\/\/www.centraldenoticias.com.ar\/?p=52270"},"modified":"2022-04-21T10:53:23","modified_gmt":"2022-04-21T13:53:23","slug":"la-ciudad-esta-devastada-y-cada-dia-los-problemas-son-mas","status":"publish","type":"post","link":"https:\/\/cdnoticias.com\/index.php\/2022\/04\/21\/la-ciudad-esta-devastada-y-cada-dia-los-problemas-son-mas\/","title":{"rendered":"\u201cLa ciudad est\u00e1 devastada y cada d\u00eda los problemas son m\u00e1s\u201d"},"content":{"rendered":"<p>Lo dijo la concejal Telma Cazot, del Frente de Todos, que sali\u00f3 al cruce de las expresiones de su par del oficialismo local Guillermina Amespil. \u201cQuiere desviar la atenci\u00f3n\u201d interpret\u00f3.<!--more--><\/p>\n<hr \/>\n<p><strong>La concejal Telma Cazot (Frente de Todos)<\/strong> <a href=\"https:\/\/cdnoticias.com\/index.php\/2022\/04\/20\/amespil-el-kirchnerismo-solo-busca-impunidad-judicial\/\" target=\"_blank\" rel=\"noopener\">se expres\u00f3 en respuesta a los planteos de su par del Legislativo, Guillermina Amespil<\/a>: \u201cno quedan dudas que al igual que el intendente, Guillermina Amespil <strong>quiere desviar la atenci\u00f3n ya que en lo local la ciudad est\u00e1 devastada y cada d\u00eda los problemas son m\u00e1s<\/strong>. No tienen cara para hablar de impunidad despu\u00e9s de todo lo que est\u00e1 pasando, pero de a poco va saliendo a la luz\u201d.<\/p>\n<p>&nbsp;<\/p>\n<blockquote><p>En ese contexto, se\u00f1al\u00f3 una \u201ccoincidencia\u201d con la edil de Juntos en que \u201cla pol\u00edtica debe resolver los problemas de la ciudadan\u00eda\u201d, y con ello apunt\u00f3: \u201cle pido que ayuden a esclarecer varios temas que tienen muy preocupada a la comunidad y desde el Municipio no han aportado en nada, ni siquiera respondiendo pedidos de informes\u201d. Entre las menciones de Cazot se contaron \u201cla venta ilegal de terrenos, Viviendas Tuvi, lixiviados en el arroyo Tapalqu\u00e9 y Programa Giro\u201d.<\/p><\/blockquote>\n<p>&nbsp;<\/p>\n<p>\u201cAdem\u00e1s habla de que las decisiones de la vicepresidenta ponen en jaque la democracia de nuestro pa\u00eds. <strong>Le recuerdo a la concejala que la democracia est\u00e1 en peligro cada vez que se persigue a alguien por pensar distinto, se lo escucha de manera ilegal y cuando designan a un juez de la corte suprema por decreto<\/strong>, como lo hizo Macri\u201d lanz\u00f3 la representante del Frente de Todos.<\/p>\n","protected":false},"excerpt":{"rendered":"<p>Lo dijo la concejal Telma Cazot, del Frente de Todos, que sali\u00f3 al cruce de las expresiones de su par<\/p>\n","protected":false},"author":4,"featured_media":46736,"comment_status":"closed","ping_status":"closed","sticky":false,"template":"","format":"standard","meta":{"_jetpack_memberships_contains_paid_content":false,"footnotes":""},"categories":[4,1],"tags":[],"class_list":["post-52270","post","type-post","status-publish","format-standard","has-post-thumbnail","hentry","category-politica","category-portada"],"jetpack_featured_media_url":"https:\/\/i0.wp.com\/cdnoticias.com\/wp-content\/uploads\/2022\/02\/OCEBA-coopelectric-telma-cazot-1.jpeg?fit=1280%2C946&ssl=1","jetpack_sharing_enabled":true,"_links":{"self":[{"href":"https:\/\/cdnoticias.com\/index.php\/wp-json\/wp\/v2\/posts\/52270","targetHints":{"allow":["GET"]}}],"collection":[{"href":"https:\/\/cdnoticias.com\/index.php\/wp-json\/wp\/v2\/posts"}],"about":[{"href":"https:\/\/cdnoticias.com\/index.php\/wp-json\/wp\/v2\/types\/post"}],"author":[{"embeddable":true,"href":"https:\/\/cdnoticias.com\/index.php\/wp-json\/wp\/v2\/users\/4"}],"replies":[{"embeddable":true,"href":"https:\/\/cdnoticias.com\/index.php\/wp-json\/wp\/v2\/comments?post=52270"}],"version-history":[{"count":0,"href":"https:\/\/cdnoticias.com\/index.php\/wp-json\/wp\/v2\/posts\/52270\/revisions"}],"wp:featuredmedia":[{"embeddable":true,"href":"https:\/\/cdnoticias.com\/index.php\/wp-json\/wp\/v2\/media\/46736"}],"wp:attachment":[{"href":"https:\/\/cdnoticias.com\/index.php\/wp-json\/wp\/v2\/media?parent=52270"}],"wp:term":[{"taxonomy":"category","embeddable":true,"href":"https:\/\/cdnoticias.com\/index.php\/wp-json\/wp\/v2\/categories?post=52270"},{"taxonomy":"post_tag","embeddable":true,"href":"https:\/\/cdnoticias.com\/index.php\/wp-json\/wp\/v2\/tags?post=52270"}],"curies":[{"name":"wp","href":"https:\/\/api.w.org\/{rel}","templated":true}]}}