{"id":52259,"date":"2022-04-21T07:46:48","date_gmt":"2022-04-21T10:46:48","guid":{"rendered":"https:\/\/www.centraldenoticias.com.ar\/?p=52259"},"modified":"2022-04-21T11:30:07","modified_gmt":"2022-04-21T14:30:07","slug":"olavarria-ya-recibio-mas-vacunas-antigripales","status":"publish","type":"post","link":"https:\/\/cdnoticias.com\/index.php\/2022\/04\/21\/olavarria-ya-recibio-mas-vacunas-antigripales\/","title":{"rendered":"Olavarr\u00eda ya recibi\u00f3 m\u00e1s vacunas antigripales"},"content":{"rendered":"<p>La Direcci\u00f3n de Epidemiolog\u00eda inform\u00f3 que este mi\u00e9rcoles arribaron las dosis. Durante este jueves se har\u00e1 la distribuci\u00f3n a los distintos centros de aplicaci\u00f3n.<!--more--><\/p>\n<hr \/>\n<p>Desde la Direcci\u00f3n de Epidemiolog\u00eda municipal se inform\u00f3 que en la jornada de <strong>este mi\u00e9rcoles arribaron a Olavarr\u00eda m\u00e1s dosis de vacuna antigripal<\/strong>.<\/p>\n<p>&nbsp;<\/p>\n<p>La titular del \u00e1rea, Mar\u00eda del Carmen Weiss, se\u00f1al\u00f3 que el arribo corresponde a dosis para <strong>\u201cpersonas mayores de 65 a\u00f1os, personas adultas y pedi\u00e1tricas\u201d<\/strong>.<\/p>\n<p>&nbsp;<\/p>\n<p>Durante <strong>este jueves comenzar\u00e1n a repartirse<\/strong> en los \u201c28 centros de vacunaci\u00f3n\u201d.<\/p>\n","protected":false},"excerpt":{"rendered":"<p>La Direcci\u00f3n de Epidemiolog\u00eda inform\u00f3 que este mi\u00e9rcoles arribaron las dosis. Durante este jueves se har\u00e1 la distribuci\u00f3n a los<\/p>\n","protected":false},"author":4,"featured_media":18910,"comment_status":"closed","ping_status":"closed","sticky":false,"template":"","format":"standard","meta":{"_jetpack_memberships_contains_paid_content":false,"footnotes":""},"categories":[5,1],"tags":[],"class_list":["post-52259","post","type-post","status-publish","format-standard","has-post-thumbnail","hentry","category-informacion-general","category-portada"],"jetpack_featured_media_url":"https:\/\/i0.wp.com\/cdnoticias.com\/wp-content\/uploads\/2021\/04\/Salud-Vacunaci%C3%B3n-antigripal-1024x682.jpg?fit=1024%2C682&ssl=1","jetpack_sharing_enabled":true,"_links":{"self":[{"href":"https:\/\/cdnoticias.com\/index.php\/wp-json\/wp\/v2\/posts\/52259","targetHints":{"allow":["GET"]}}],"collection":[{"href":"https:\/\/cdnoticias.com\/index.php\/wp-json\/wp\/v2\/posts"}],"about":[{"href":"https:\/\/cdnoticias.com\/index.php\/wp-json\/wp\/v2\/types\/post"}],"author":[{"embeddable":true,"href":"https:\/\/cdnoticias.com\/index.php\/wp-json\/wp\/v2\/users\/4"}],"replies":[{"embeddable":true,"href":"https:\/\/cdnoticias.com\/index.php\/wp-json\/wp\/v2\/comments?post=52259"}],"version-history":[{"count":0,"href":"https:\/\/cdnoticias.com\/index.php\/wp-json\/wp\/v2\/posts\/52259\/revisions"}],"wp:featuredmedia":[{"embeddable":true,"href":"https:\/\/cdnoticias.com\/index.php\/wp-json\/wp\/v2\/media\/18910"}],"wp:attachment":[{"href":"https:\/\/cdnoticias.com\/index.php\/wp-json\/wp\/v2\/media?parent=52259"}],"wp:term":[{"taxonomy":"category","embeddable":true,"href":"https:\/\/cdnoticias.com\/index.php\/wp-json\/wp\/v2\/categories?post=52259"},{"taxonomy":"post_tag","embeddable":true,"href":"https:\/\/cdnoticias.com\/index.php\/wp-json\/wp\/v2\/tags?post=52259"}],"curies":[{"name":"wp","href":"https:\/\/api.w.org\/{rel}","templated":true}]}}