{"id":52197,"date":"2022-04-20T16:09:30","date_gmt":"2022-04-20T19:09:30","guid":{"rendered":"https:\/\/www.centraldenoticias.com.ar\/?p=52197"},"modified":"2022-04-20T16:09:30","modified_gmt":"2022-04-20T19:09:30","slug":"coopelectric-confirmo-el-regreso-del-servicio-electrico-a-loma-negra","status":"publish","type":"post","link":"https:\/\/cdnoticias.com\/index.php\/2022\/04\/20\/coopelectric-confirmo-el-regreso-del-servicio-electrico-a-loma-negra\/","title":{"rendered":"Coopelectric confirm\u00f3 el regreso del servicio el\u00e9ctrico a Loma Negra"},"content":{"rendered":"<p>Fue tras la salida de servicio de la L\u00ednea de Media Tensi\u00f3n N\u00b04. En el resto de las localidades todav\u00eda trabajan.<!--more--><\/p>\n<hr \/>\n<p>Tras el <a href=\"https:\/\/cdnoticias.com\/index.php\/2022\/04\/20\/sin-electricidad-en-loma-negra-y-sus-inmediaciones\/\" target=\"_blank\" rel=\"noopener\">importante corte de energ\u00eda el\u00e9ctrica en varias localidades del Partido<\/a>, <strong>Coopelectric inform\u00f3 el regreso del servicio en Loma Negra,<\/strong> mientras que contin\u00faan los trabajos para el regreso en otras localidades.<\/p>\n<p>&nbsp;<\/p>\n<p>Cabe se\u00f1alar que <strong>se registr\u00f3, apenas pasado el mediod\u00eda, la salida de servicio de la L\u00ednea de Media Tensi\u00f3n N\u00b0 4<\/strong> y como consecuencia de ello fue interrumpido el suministro el\u00e9ctrico en la localidad de<strong> Loma Negra, Villa Laclau, Kochi Tue, Villa Mi Serran\u00eda y el sistema rural Santa Luisa.<\/strong><\/p>\n<p>&nbsp;<\/p>\n<p><strong>El personal de Coopelectric trabaja en el sector para poder normalizar el Servicio por completo<\/strong>, dado que en Loma Negra ya regres\u00f3.<\/p>\n","protected":false},"excerpt":{"rendered":"<p>Fue tras la salida de servicio de la L\u00ednea de Media Tensi\u00f3n N\u00b04. En el resto de las localidades todav\u00eda<\/p>\n","protected":false},"author":2,"featured_media":41402,"comment_status":"closed","ping_status":"closed","sticky":false,"template":"","format":"standard","meta":{"_jetpack_memberships_contains_paid_content":false,"footnotes":""},"categories":[5,1],"tags":[],"class_list":["post-52197","post","type-post","status-publish","format-standard","has-post-thumbnail","hentry","category-informacion-general","category-portada"],"jetpack_featured_media_url":"https:\/\/i0.wp.com\/cdnoticias.com\/wp-content\/uploads\/2021\/12\/coopelectric-camion1.jpg?fit=1540%2C856&ssl=1","jetpack_sharing_enabled":true,"_links":{"self":[{"href":"https:\/\/cdnoticias.com\/index.php\/wp-json\/wp\/v2\/posts\/52197","targetHints":{"allow":["GET"]}}],"collection":[{"href":"https:\/\/cdnoticias.com\/index.php\/wp-json\/wp\/v2\/posts"}],"about":[{"href":"https:\/\/cdnoticias.com\/index.php\/wp-json\/wp\/v2\/types\/post"}],"author":[{"embeddable":true,"href":"https:\/\/cdnoticias.com\/index.php\/wp-json\/wp\/v2\/users\/2"}],"replies":[{"embeddable":true,"href":"https:\/\/cdnoticias.com\/index.php\/wp-json\/wp\/v2\/comments?post=52197"}],"version-history":[{"count":0,"href":"https:\/\/cdnoticias.com\/index.php\/wp-json\/wp\/v2\/posts\/52197\/revisions"}],"wp:featuredmedia":[{"embeddable":true,"href":"https:\/\/cdnoticias.com\/index.php\/wp-json\/wp\/v2\/media\/41402"}],"wp:attachment":[{"href":"https:\/\/cdnoticias.com\/index.php\/wp-json\/wp\/v2\/media?parent=52197"}],"wp:term":[{"taxonomy":"category","embeddable":true,"href":"https:\/\/cdnoticias.com\/index.php\/wp-json\/wp\/v2\/categories?post=52197"},{"taxonomy":"post_tag","embeddable":true,"href":"https:\/\/cdnoticias.com\/index.php\/wp-json\/wp\/v2\/tags?post=52197"}],"curies":[{"name":"wp","href":"https:\/\/api.w.org\/{rel}","templated":true}]}}