{"id":52190,"date":"2022-04-21T17:15:44","date_gmt":"2022-04-21T20:15:44","guid":{"rendered":"https:\/\/www.centraldenoticias.com.ar\/?p=52190"},"modified":"2022-04-21T17:15:44","modified_gmt":"2022-04-21T20:15:44","slug":"debates-publicos-concejales-recibieron-a-representantes-de-la-fio","status":"publish","type":"post","link":"https:\/\/cdnoticias.com\/index.php\/2022\/04\/21\/debates-publicos-concejales-recibieron-a-representantes-de-la-fio\/","title":{"rendered":"Debates p\u00fablicos: concejales recibieron a representantes de la FIO"},"content":{"rendered":"<p>Fue en la comisi\u00f3n de Educaci\u00f3n donde se analiza el proyecto. \u201cLos debates p\u00fablicos fortalecen la conciencia cr\u00edtica y enriquecen el voto de los ciudadanos\u201d sostienen los autores.<\/p>\n<p><!--more--><\/p>\n<hr \/>\n<p><strong>La comisi\u00f3n de Educaci\u00f3n recibi\u00f3 este mi\u00e9rcoles a los ingenieros Oscar Cabrera y Orfel Fari\u00f1a en representaci\u00f3n de la Facultad de Ingenier\u00eda de la UNICEN<\/strong> y en el marco del debate del <a href=\"https:\/\/cdnoticias.com\/index.php\/2022\/04\/11\/hcd-analisis-de-la-propuesta-que-busca-hacer-obligatorios-los-debates-preelectorales\/\" target=\"_blank\" rel=\"noopener\">expediente presentado por la instituci\u00f3n referido a los debates preelectorales<\/a>.<\/p>\n<p>&nbsp;<\/p>\n<p>La comisi\u00f3n, que preside la concejal Maite Salerno (Juntos), escuch\u00f3 a las <strong>autoridades de la FIO quienes explicaron en detalle el proyecto<\/strong> que fue presentado el 26 de octubre del 2021.<\/p>\n<p>&nbsp;<\/p>\n<p><strong>La comisi\u00f3n de Educaci\u00f3n resolvi\u00f3 mantener el expediente en estudio<\/strong> antes de darle el pase a la comisi\u00f3n de Legislaci\u00f3n que ser\u00e1 la \u00faltima en revisar los alcances del mismo.<\/p>\n<p>&nbsp;<\/p>\n<blockquote><p>La Facultad de Ingenier\u00eda en su proyecto fundamenta la iniciativa se\u00f1alando que: \u201cen Olavarr\u00eda no se han legislado los debates p\u00fablicos de candidatos y que los debates p\u00fablicos fortalecen la conciencia cr\u00edtica y enriquecen el voto de los ciudadanos\u201d.<\/p><\/blockquote>\n<p>&nbsp;<\/p>\n<p>Sostienen adem\u00e1s que: \u201cbajo la modalidad de debate se permite que los vecinos puedan comparar y evaluar las distintas propuestas para<strong> un an\u00e1lisis m\u00e1s profundo que les permita encarar una elecci\u00f3n con total convicci\u00f3n y responsabilidad<\/strong>\u201d.<\/p>\n<p>&nbsp;<\/p>\n<p>La comisi\u00f3n de Educaci\u00f3n del HCD est\u00e1 conformada por las concejales: <em>Maite Salerno, In\u00e9s Creimer, Miriam Mosescu, Bel\u00e9n Vergel, Natalia \u00c1lvarez y Telma Cazot<\/em>.<\/p>\n","protected":false},"excerpt":{"rendered":"<p>Fue en la comisi\u00f3n de Educaci\u00f3n donde se analiza el proyecto. \u201cLos debates p\u00fablicos fortalecen la conciencia cr\u00edtica y enriquecen<\/p>\n","protected":false},"author":4,"featured_media":52194,"comment_status":"closed","ping_status":"closed","sticky":false,"template":"","format":"standard","meta":{"_jetpack_memberships_contains_paid_content":false,"footnotes":""},"categories":[4,1],"tags":[],"class_list":["post-52190","post","type-post","status-publish","format-standard","has-post-thumbnail","hentry","category-politica","category-portada"],"jetpack_featured_media_url":"https:\/\/i0.wp.com\/cdnoticias.com\/wp-content\/uploads\/2022\/04\/HCD-comision-de-educacion.jpeg?fit=1280%2C670&ssl=1","jetpack_sharing_enabled":true,"_links":{"self":[{"href":"https:\/\/cdnoticias.com\/index.php\/wp-json\/wp\/v2\/posts\/52190","targetHints":{"allow":["GET"]}}],"collection":[{"href":"https:\/\/cdnoticias.com\/index.php\/wp-json\/wp\/v2\/posts"}],"about":[{"href":"https:\/\/cdnoticias.com\/index.php\/wp-json\/wp\/v2\/types\/post"}],"author":[{"embeddable":true,"href":"https:\/\/cdnoticias.com\/index.php\/wp-json\/wp\/v2\/users\/4"}],"replies":[{"embeddable":true,"href":"https:\/\/cdnoticias.com\/index.php\/wp-json\/wp\/v2\/comments?post=52190"}],"version-history":[{"count":0,"href":"https:\/\/cdnoticias.com\/index.php\/wp-json\/wp\/v2\/posts\/52190\/revisions"}],"wp:featuredmedia":[{"embeddable":true,"href":"https:\/\/cdnoticias.com\/index.php\/wp-json\/wp\/v2\/media\/52194"}],"wp:attachment":[{"href":"https:\/\/cdnoticias.com\/index.php\/wp-json\/wp\/v2\/media?parent=52190"}],"wp:term":[{"taxonomy":"category","embeddable":true,"href":"https:\/\/cdnoticias.com\/index.php\/wp-json\/wp\/v2\/categories?post=52190"},{"taxonomy":"post_tag","embeddable":true,"href":"https:\/\/cdnoticias.com\/index.php\/wp-json\/wp\/v2\/tags?post=52190"}],"curies":[{"name":"wp","href":"https:\/\/api.w.org\/{rel}","templated":true}]}}