{"id":52158,"date":"2022-04-21T08:00:54","date_gmt":"2022-04-21T11:00:54","guid":{"rendered":"https:\/\/www.centraldenoticias.com.ar\/?p=52158"},"modified":"2022-04-21T08:04:17","modified_gmt":"2022-04-21T11:04:17","slug":"se-dictara-un-curso-sobre-edicion-y-operacion-tecnica-de-radio","status":"publish","type":"post","link":"https:\/\/cdnoticias.com\/index.php\/2022\/04\/21\/se-dictara-un-curso-sobre-edicion-y-operacion-tecnica-de-radio\/","title":{"rendered":"Se dictar\u00e1 un curso sobre \u201cEdici\u00f3n y operaci\u00f3n t\u00e9cnica de radio\u201d"},"content":{"rendered":"<p>La Facultad de Ciencias Sociales ofrecer\u00e1 una capacitaci\u00f3n en 8 encuentros. Brindar\u00e1n herramientas para la operaci\u00f3n t\u00e9cnica y el trabajo sobre sonidos y efectos.<!--more--><\/p>\n<hr \/>\n<p><strong>Desde el martes 26 de abril a las 15 horas se dictar\u00e1 el Curso \u201cEdici\u00f3n y operaci\u00f3n t\u00e9cnica de radio\u201d<\/strong>, el que estar\u00e1 a cargo de las talleristas <strong>F\u00e1tima Higuera y Catalina Pin Beltramella<\/strong>. El mismo tendr\u00e1 una duraci\u00f3n de 8 encuentros.<\/p>\n<p>&nbsp;<\/p>\n<p>La propuesta de la Secretar\u00eda de Extensi\u00f3n, Bienestar y Transferencia de la FACSO es de <strong>modalidad presencial con complemento de trabajo en el aula virtual<\/strong> del Moodle de la Facultad de Ciencias Sociales. El objetivo es ofrecer a los\/as participantes las primeras herramientas para la operaci\u00f3n t\u00e9cnica de un programa en vivo y falso vivo y para combinar sonidos y efectos de una manera creativa puestos al servicio de la construcci\u00f3n de un relato radial.<\/p>\n<p>&nbsp;<\/p>\n<p>Durante el curso no s\u00f3lo se definir\u00e1n los elementos conceptuales necesarios para el trabajo, sino que<strong> se llevar\u00e1 adelante la pr\u00e1ctica concreta en el estudio radial de la FACSO<\/strong>. Este curso est\u00e1 dirigido a quienes,<strong> sin experiencia previa,<\/strong> deseen introducirse en el mundo radiof\u00f3nico. <strong>Quienes participen deber\u00e1n asistir con notebook<\/strong>.<\/p>\n<p>&nbsp;<\/p>\n<p><img data-recalc-dims=\"1\" loading=\"lazy\" decoding=\"async\" class=\"aligncenter wp-image-52159\" src=\"https:\/\/i0.wp.com\/cdnoticias.com\/wp-content\/uploads\/2022\/04\/FACSO-curso-de-extension-radio.png?resize=500%2C500&#038;ssl=1\" alt=\"\" width=\"500\" height=\"500\" srcset=\"https:\/\/i0.wp.com\/cdnoticias.com\/wp-content\/uploads\/2022\/04\/FACSO-curso-de-extension-radio.png?w=1000&amp;ssl=1 1000w, https:\/\/i0.wp.com\/cdnoticias.com\/wp-content\/uploads\/2022\/04\/FACSO-curso-de-extension-radio.png?resize=300%2C300&amp;ssl=1 300w, https:\/\/i0.wp.com\/cdnoticias.com\/wp-content\/uploads\/2022\/04\/FACSO-curso-de-extension-radio.png?resize=150%2C150&amp;ssl=1 150w, https:\/\/i0.wp.com\/cdnoticias.com\/wp-content\/uploads\/2022\/04\/FACSO-curso-de-extension-radio.png?resize=768%2C768&amp;ssl=1 768w\" sizes=\"auto, (max-width: 500px) 100vw, 500px\" \/><\/p>\n<p>&nbsp;<\/p>\n<p><strong>Costos e inscripci\u00f3n<\/strong><\/p>\n<p>&nbsp;<\/p>\n<p>Los\/as interesados\/as en inscribirse deber\u00e1n <strong>completar el formulario que se encuentra <a href=\"https:\/\/docs.google.com\/forms\/d\/e\/1FAIpQLSc55lW627B65uknrl4J-oZxfwmRMFcKgmSsq_chHj6BfQJnKw\/viewform?vc=0&amp;c=0&amp;w=1&amp;flr=0\" target=\"_blank\" rel=\"noopener\">aqu\u00ed disponible<\/a><\/strong>.<\/p>\n<p>&nbsp;<\/p>\n<p>Una vez completo se deber\u00e1 <strong>efectuar el pago mediante factura electr\u00f3nica<\/strong>, la cual recibir\u00e1n en su correo electr\u00f3nico dentro de 48 horas h\u00e1biles a su pre-inscripci\u00f3n, para abonar en un centro de pagos.\u00a0Las propuestas tienen un costo de $4500 (o dos cuotas de $2500) para p\u00fablico en general; $4000 (o dos cuotas de $2200) para docentes, no docentes y graduados\/as de la FACSO; y $3000 (o dos cuotas de $1700) para estudiantes de la FACSO, quienes deben presentar certificado de alumno\/a regular al correo de contacto.<\/p>\n<p>&nbsp;<\/p>\n<p>Por consultas podr\u00e1n comunicarse al email <a href=\"mailto:cursos@virtual.soc.unicen.edu.ar\">cursos@virtual.soc.unicen.edu.ar<\/a><\/p>\n","protected":false},"excerpt":{"rendered":"<p>La Facultad de Ciencias Sociales ofrecer\u00e1 una capacitaci\u00f3n en 8 encuentros. Brindar\u00e1n herramientas para la operaci\u00f3n t\u00e9cnica y el trabajo<\/p>\n","protected":false},"author":4,"featured_media":52160,"comment_status":"closed","ping_status":"closed","sticky":false,"template":"","format":"standard","meta":{"_jetpack_memberships_contains_paid_content":false,"footnotes":""},"categories":[5,1],"tags":[],"class_list":["post-52158","post","type-post","status-publish","format-standard","has-post-thumbnail","hentry","category-informacion-general","category-portada"],"jetpack_featured_media_url":"https:\/\/i0.wp.com\/cdnoticias.com\/wp-content\/uploads\/2022\/04\/FACSO-curso-de-extension-radio0.png?fit=800%2C445&ssl=1","jetpack_sharing_enabled":true,"_links":{"self":[{"href":"https:\/\/cdnoticias.com\/index.php\/wp-json\/wp\/v2\/posts\/52158","targetHints":{"allow":["GET"]}}],"collection":[{"href":"https:\/\/cdnoticias.com\/index.php\/wp-json\/wp\/v2\/posts"}],"about":[{"href":"https:\/\/cdnoticias.com\/index.php\/wp-json\/wp\/v2\/types\/post"}],"author":[{"embeddable":true,"href":"https:\/\/cdnoticias.com\/index.php\/wp-json\/wp\/v2\/users\/4"}],"replies":[{"embeddable":true,"href":"https:\/\/cdnoticias.com\/index.php\/wp-json\/wp\/v2\/comments?post=52158"}],"version-history":[{"count":0,"href":"https:\/\/cdnoticias.com\/index.php\/wp-json\/wp\/v2\/posts\/52158\/revisions"}],"wp:featuredmedia":[{"embeddable":true,"href":"https:\/\/cdnoticias.com\/index.php\/wp-json\/wp\/v2\/media\/52160"}],"wp:attachment":[{"href":"https:\/\/cdnoticias.com\/index.php\/wp-json\/wp\/v2\/media?parent=52158"}],"wp:term":[{"taxonomy":"category","embeddable":true,"href":"https:\/\/cdnoticias.com\/index.php\/wp-json\/wp\/v2\/categories?post=52158"},{"taxonomy":"post_tag","embeddable":true,"href":"https:\/\/cdnoticias.com\/index.php\/wp-json\/wp\/v2\/tags?post=52158"}],"curies":[{"name":"wp","href":"https:\/\/api.w.org\/{rel}","templated":true}]}}