{"id":52155,"date":"2022-04-20T11:33:13","date_gmt":"2022-04-20T14:33:13","guid":{"rendered":"https:\/\/www.centraldenoticias.com.ar\/?p=52155"},"modified":"2022-04-20T13:16:50","modified_gmt":"2022-04-20T16:16:50","slug":"el-bar-expuesto-en-los-casos-de-intoxicacion-entrego-el-listado-de-empleados","status":"publish","type":"post","link":"https:\/\/cdnoticias.com\/index.php\/2022\/04\/20\/el-bar-expuesto-en-los-casos-de-intoxicacion-entrego-el-listado-de-empleados\/","title":{"rendered":"El bar expuesto en los casos de intoxicaci\u00f3n entreg\u00f3 el listado de empleados"},"content":{"rendered":"<p>Lo cont\u00f3 el abogado de la firma, quien accedi\u00f3 al expediente. Adem\u00e1s, desde el local se subray\u00f3: \u201csomos los primeros interesados y comprometidos en la b\u00fasqueda de la verdad\u201d.<!--more--><\/p>\n<hr \/>\n<p><a href=\"https:\/\/cdnoticias.com\/index.php\/2022\/04\/18\/bar-allanado-estuvimos-mirando-las-camaras-y-algo-se-encontro\/\" target=\"_blank\" rel=\"noopener\">Tal como se hab\u00eda comprometido p\u00fablicamente tras el allanamiento<\/a><strong>, el abogado del boliche de Pueblo Nuevo inform\u00f3 que este martes entreg\u00f3 el listado de empleados que atienden al p\u00fablico a la UFI N\u00ba 19<\/strong>. La investigaci\u00f3n busca esclarecer lo sucedido despu\u00e9s de que <a href=\"https:\/\/cdnoticias.com\/index.php\/2022\/04\/18\/me-siento-drogada-una-joven-relato-lo-que-vivio-en-un-boliche-de-pueblo-nuevo\/\" target=\"_blank\" rel=\"noopener\">una joven expusiera p\u00fablicamente que la \u201cdrogaron\u201d dentro del bar<\/a> tras haber pedido una bebida.<\/p>\n<p>&nbsp;<\/p>\n<p>El <strong>abogado Pablo Salerno<\/strong> confirm\u00f3 a <strong>Central de Noticias<\/strong> que<strong> son unos 15 los trabajadores del local cuyos nombres y espacio laboral puntual dentro del comercio fueron puestos a disposici\u00f3n del fiscal Lucas Moyano<\/strong> que encabeza la investigaci\u00f3n hasta el momento caratulada \u201caveriguaci\u00f3n de presunto il\u00edcito\u201d.<strong> \u201cFue un aporte voluntario\u201d<\/strong> dijo sobre la entrega de dicha lista y ante la consulta respondi\u00f3 que hasta ahora nadie de la firma ha sido citado por la Justicia.<\/p>\n<p>&nbsp;<\/p>\n<p><img data-recalc-dims=\"1\" loading=\"lazy\" decoding=\"async\" class=\"size-large wp-image-51989 aligncenter\" src=\"https:\/\/i0.wp.com\/cdnoticias.com\/wp-content\/uploads\/2022\/04\/WhatsApp-Image-2022-04-18-at-6.35.17-PM.jpeg?resize=800%2C600&#038;ssl=1\" alt=\"\" width=\"800\" height=\"600\" srcset=\"https:\/\/i0.wp.com\/cdnoticias.com\/wp-content\/uploads\/2022\/04\/WhatsApp-Image-2022-04-18-at-6.35.17-PM.jpeg?resize=1024%2C768&amp;ssl=1 1024w, https:\/\/i0.wp.com\/cdnoticias.com\/wp-content\/uploads\/2022\/04\/WhatsApp-Image-2022-04-18-at-6.35.17-PM.jpeg?resize=300%2C225&amp;ssl=1 300w, https:\/\/i0.wp.com\/cdnoticias.com\/wp-content\/uploads\/2022\/04\/WhatsApp-Image-2022-04-18-at-6.35.17-PM.jpeg?resize=768%2C576&amp;ssl=1 768w, https:\/\/i0.wp.com\/cdnoticias.com\/wp-content\/uploads\/2022\/04\/WhatsApp-Image-2022-04-18-at-6.35.17-PM.jpeg?w=1152&amp;ssl=1 1152w\" sizes=\"auto, (max-width: 800px) 100vw, 800px\" \/><\/p>\n<p>&nbsp;<\/p>\n<p>El representante legal de Brandi a\u00f1adi\u00f3 que el martes accedi\u00f3 al expediente penal y all\u00ed <strong>\u00fanicamente consta <a href=\"https:\/\/cdnoticias.com\/index.php\/2022\/04\/19\/otra-joven-relato-que-la-drogaron-en-el-mismo-boliche-que-fue-denunciado-horas-atras\/\" target=\"_blank\" rel=\"noopener\">la denuncia de Candela Lecce<\/a>, la joven que tambi\u00e9n expuso en redes su testimonio<\/strong>. Se trata de una denuncia asentada en octubre de 2021: \u201cyo ya la hab\u00eda visto\u201d dijo el abogado.<\/p>\n<p>&nbsp;<\/p>\n<blockquote><p>En ese punto destac\u00f3 que \u201cno hay ninguna otra denuncia, s\u00f3lo testimoniales a personas que les ha sucedido lo mismo. Actu\u00f3 de oficio la UFI y ellos mismos llamaron a las personas a declarar. Nadie fue y puntualmente denunci\u00f3\u201d.\u00a0Con esto qued\u00f3 de relevancia la labor de la fiscal\u00eda que encabeza el doctor Moyano en la b\u00fasqueda y contacto de las v\u00edctimas a fin de establecer lo sucedido. Sobre este tema, el abogado Salerno se\u00f1al\u00f3 que en uno de esos testimonios la persona declar\u00f3 que sufri\u00f3 una intoxicaci\u00f3n similar en otro lugar donde hubo una fiesta el fin de semana pasado en Olavarr\u00eda.<\/p><\/blockquote>\n<p>&nbsp;<\/p>\n<p><strong>\u00a0La voz de la empresa<\/strong><\/p>\n<p>&nbsp;<\/p>\n<p>En paralelo, <strong>Brandi emiti\u00f3 un comunicado en las \u00faltimas horas donde se refiri\u00f3 a la situaci\u00f3n planteada<\/strong> y se dej\u00f3 en claro la intenci\u00f3n de aportar para el esclarecimiento<\/p>\n<p>&nbsp;<\/p>\n<p><img data-recalc-dims=\"1\" loading=\"lazy\" decoding=\"async\" class=\"aligncenter wp-image-52156\" src=\"https:\/\/i0.wp.com\/cdnoticias.com\/wp-content\/uploads\/2022\/04\/brandi-comunicado1.jpg?resize=450%2C710&#038;ssl=1\" alt=\"\" width=\"450\" height=\"710\" srcset=\"https:\/\/i0.wp.com\/cdnoticias.com\/wp-content\/uploads\/2022\/04\/brandi-comunicado1.jpg?resize=649%2C1024&amp;ssl=1 649w, https:\/\/i0.wp.com\/cdnoticias.com\/wp-content\/uploads\/2022\/04\/brandi-comunicado1.jpg?resize=190%2C300&amp;ssl=1 190w, https:\/\/i0.wp.com\/cdnoticias.com\/wp-content\/uploads\/2022\/04\/brandi-comunicado1.jpg?resize=768%2C1212&amp;ssl=1 768w, https:\/\/i0.wp.com\/cdnoticias.com\/wp-content\/uploads\/2022\/04\/brandi-comunicado1.jpg?w=800&amp;ssl=1 800w\" sizes=\"auto, (max-width: 450px) 100vw, 450px\" \/><\/p>\n<p>&nbsp;<\/p>\n<p>En primer t\u00e9rmino hubo una alusi\u00f3n a la joven Tatiana, quien se expres\u00f3 inicialmente: \u201cen referencia a los dichos efectuados por una joven a trav\u00e9s de su cuenta personal de Instagram quien manifest\u00f3 que le habr\u00edan suministrado droga dentro de nuestro local comercial, <strong>le brindamos todo nuestro apoyo y solidaridad para el cabal esclarecimiento de lo sucedido<\/strong>\u201d. Con ello se destac\u00f3 tambi\u00e9n que \u201cnos ponemos en plena disposici\u00f3n de la denunciante brind\u00e1ndole asistencia m\u00e9dica, psicol\u00f3gica y jur\u00eddica\u201d.<\/p>\n<p>&nbsp;<\/p>\n<blockquote><p>Luego manifestaron: \u201ccomunicamos a nuestros clientes y a la ciudadan\u00eda que nos hemos puesto a disposici\u00f3n no solo de la denunciante, sino tambi\u00e9n de la Justicia, siendo los primeros interesados y comprometidos en la b\u00fasqueda de la verdad, aportando desde nuestro lugar todas las herramientas que poseemos a nuestro alcance para dicho fin\u201d.<\/p><\/blockquote>\n<p>&nbsp;<\/p>\n<p>Tambi\u00e9n se record\u00f3 <a href=\"https:\/\/cdnoticias.com\/index.php\/2022\/04\/18\/hemos-secuestrado-el-circuito-cerrado-de-vigilancia-y-bebidas-alcoholicas-abiertas\/\" target=\"_blank\" rel=\"noopener\">el allanamiento que encabez\u00f3 el fiscal Lucas Moyano<\/a>, el <strong>aporte de las im\u00e1genes de las c\u00e1maras de seguridad y la b\u00fasqueda de \u201csustancias estupefacientes<\/strong> y benzodiacepina, droga gen\u00e9rica del clonazepam\u201d con resultado negativo dentro del local de Coronel Su\u00e1rez al 2200.<\/p>\n","protected":false},"excerpt":{"rendered":"<p>Lo cont\u00f3 el abogado de la firma, quien accedi\u00f3 al expediente. Adem\u00e1s, desde el local se subray\u00f3: \u201csomos los primeros<\/p>\n","protected":false},"author":4,"featured_media":52007,"comment_status":"closed","ping_status":"closed","sticky":false,"template":"","format":"standard","meta":{"_jetpack_memberships_contains_paid_content":false,"footnotes":""},"categories":[14,1],"tags":[],"class_list":["post-52155","post","type-post","status-publish","format-standard","has-post-thumbnail","hentry","category-policiales","category-portada"],"jetpack_featured_media_url":"https:\/\/i0.wp.com\/cdnoticias.com\/wp-content\/uploads\/2022\/04\/allanamiento-salerno.jpg?fit=1152%2C692&ssl=1","jetpack_sharing_enabled":true,"_links":{"self":[{"href":"https:\/\/cdnoticias.com\/index.php\/wp-json\/wp\/v2\/posts\/52155","targetHints":{"allow":["GET"]}}],"collection":[{"href":"https:\/\/cdnoticias.com\/index.php\/wp-json\/wp\/v2\/posts"}],"about":[{"href":"https:\/\/cdnoticias.com\/index.php\/wp-json\/wp\/v2\/types\/post"}],"author":[{"embeddable":true,"href":"https:\/\/cdnoticias.com\/index.php\/wp-json\/wp\/v2\/users\/4"}],"replies":[{"embeddable":true,"href":"https:\/\/cdnoticias.com\/index.php\/wp-json\/wp\/v2\/comments?post=52155"}],"version-history":[{"count":0,"href":"https:\/\/cdnoticias.com\/index.php\/wp-json\/wp\/v2\/posts\/52155\/revisions"}],"wp:featuredmedia":[{"embeddable":true,"href":"https:\/\/cdnoticias.com\/index.php\/wp-json\/wp\/v2\/media\/52007"}],"wp:attachment":[{"href":"https:\/\/cdnoticias.com\/index.php\/wp-json\/wp\/v2\/media?parent=52155"}],"wp:term":[{"taxonomy":"category","embeddable":true,"href":"https:\/\/cdnoticias.com\/index.php\/wp-json\/wp\/v2\/categories?post=52155"},{"taxonomy":"post_tag","embeddable":true,"href":"https:\/\/cdnoticias.com\/index.php\/wp-json\/wp\/v2\/tags?post=52155"}],"curies":[{"name":"wp","href":"https:\/\/api.w.org\/{rel}","templated":true}]}}