{"id":52153,"date":"2022-04-20T10:50:30","date_gmt":"2022-04-20T13:50:30","guid":{"rendered":"https:\/\/www.centraldenoticias.com.ar\/?p=52153"},"modified":"2022-04-20T11:33:48","modified_gmt":"2022-04-20T14:33:48","slug":"olavarria-en-zona-de-alerta-amarillo-por-tormentas-2","status":"publish","type":"post","link":"https:\/\/cdnoticias.com\/index.php\/2022\/04\/20\/olavarria-en-zona-de-alerta-amarillo-por-tormentas-2\/","title":{"rendered":"Olavarr\u00eda en zona de \u201calerta amarillo\u201d por tormentas"},"content":{"rendered":"<p>La advertencia abarca tambi\u00e9n a las localidades de General La Madrid y Laprida. Se espera abundante ca\u00edda de agua y r\u00e1fagas intensas.<!--more--><\/p>\n<hr \/>\n<p>Desde el Servicio Meteorol\u00f3gico Nacional emitieron un <strong>\u201calerta amarillo\u201d por tormentas<\/strong> para la zona comprendida por las localidades de <strong>General La Madrid, Laprida y Olavarr\u00eda.<\/strong><\/p>\n<p>&nbsp;<\/p>\n<p>De esta forma, se\u00f1alaron que el \u00e1rea ser\u00e1 afectada por <strong>\u201ctormentas aisladas de variada intensidad, pudiendo ser algunas fuertes, acompa\u00f1adas de intensas r\u00e1fagas, fuerte actividad el\u00e9ctrica, ca\u00edda de granizo, y abundante ca\u00edda de agua en cortos per\u00edodos\u201d.<\/strong><\/p>\n<p>&nbsp;<\/p>\n<p>Adem\u00e1s, informaron que \u201cse prev\u00e9n valores de <strong>precipitaci\u00f3n acumulada entre 10 y 25 mm<\/strong> para las zonas del centro del pa\u00eds bajo alerta el mi\u00e9rcoles 20, en tanto que se estiman entre 15 y 40 mm para las zonas del norte del pa\u00eds bajo alerta el jueves 21\u201d.<\/p>\n<p>&nbsp;<\/p>\n<p>Para lo que resta de la jornada se estima que la temperatura podr\u00eda alcanzar los 21\u00b0. En tanto,<strong> el jueves la jornada se presentar\u00eda con una temperatura m\u00ednima ubicada en los 8\u00b0 y una m\u00e1xima que rondar\u00e1 los 20\u00b0<\/strong>. Se adelant\u00f3 que no se esperan lluvias pero s\u00ed un cielo parcialmente nublado.<\/p>\n","protected":false},"excerpt":{"rendered":"<p>La advertencia abarca tambi\u00e9n a las localidades de General La Madrid y Laprida. Se espera abundante ca\u00edda de agua y<\/p>\n","protected":false},"author":5,"featured_media":2623,"comment_status":"closed","ping_status":"closed","sticky":false,"template":"","format":"standard","meta":{"_jetpack_memberships_contains_paid_content":false,"footnotes":""},"categories":[5,1],"tags":[],"class_list":["post-52153","post","type-post","status-publish","format-standard","has-post-thumbnail","hentry","category-informacion-general","category-portada"],"jetpack_featured_media_url":"https:\/\/i0.wp.com\/cdnoticias.com\/wp-content\/uploads\/2020\/09\/lluvia.jpg?fit=1853%2C1397&ssl=1","jetpack_sharing_enabled":true,"_links":{"self":[{"href":"https:\/\/cdnoticias.com\/index.php\/wp-json\/wp\/v2\/posts\/52153","targetHints":{"allow":["GET"]}}],"collection":[{"href":"https:\/\/cdnoticias.com\/index.php\/wp-json\/wp\/v2\/posts"}],"about":[{"href":"https:\/\/cdnoticias.com\/index.php\/wp-json\/wp\/v2\/types\/post"}],"author":[{"embeddable":true,"href":"https:\/\/cdnoticias.com\/index.php\/wp-json\/wp\/v2\/users\/5"}],"replies":[{"embeddable":true,"href":"https:\/\/cdnoticias.com\/index.php\/wp-json\/wp\/v2\/comments?post=52153"}],"version-history":[{"count":0,"href":"https:\/\/cdnoticias.com\/index.php\/wp-json\/wp\/v2\/posts\/52153\/revisions"}],"wp:featuredmedia":[{"embeddable":true,"href":"https:\/\/cdnoticias.com\/index.php\/wp-json\/wp\/v2\/media\/2623"}],"wp:attachment":[{"href":"https:\/\/cdnoticias.com\/index.php\/wp-json\/wp\/v2\/media?parent=52153"}],"wp:term":[{"taxonomy":"category","embeddable":true,"href":"https:\/\/cdnoticias.com\/index.php\/wp-json\/wp\/v2\/categories?post=52153"},{"taxonomy":"post_tag","embeddable":true,"href":"https:\/\/cdnoticias.com\/index.php\/wp-json\/wp\/v2\/tags?post=52153"}],"curies":[{"name":"wp","href":"https:\/\/api.w.org\/{rel}","templated":true}]}}