{"id":52151,"date":"2022-04-20T16:24:29","date_gmt":"2022-04-20T19:24:29","guid":{"rendered":"https:\/\/www.centraldenoticias.com.ar\/?p=52151"},"modified":"2022-04-20T16:24:29","modified_gmt":"2022-04-20T19:24:29","slug":"en-vivo-diputados-avanza-en-el-trabajo-por-la-ley-de-alquileres","status":"publish","type":"post","link":"https:\/\/cdnoticias.com\/index.php\/2022\/04\/20\/en-vivo-diputados-avanza-en-el-trabajo-por-la-ley-de-alquileres\/","title":{"rendered":"En vivo: Diputados avanza en el trabajo por la Ley de alquileres"},"content":{"rendered":"<p>Segu\u00ed el debate de la comisi\u00f3n de Legislaci\u00f3n General. Participan referentes de distintas asociaciones.<!--more--><\/p>\n<hr \/>\n<p>La comisi\u00f3n de Legislaci\u00f3n General se re\u00fane en el Congreso para continuar el debate de la <strong>Ley 27.551 sobre Alquileres<\/strong>. Junto a asociaciones, observatorios y organizaciones de todo el pa\u00eds, se buscar\u00e1 mejorar la legislaci\u00f3n actual.<\/p>\n<p>&nbsp;<\/p>\n<p>Se espera la participaci\u00f3n de representantes de la C\u00e1mara de Propietarios de la Rep\u00fablica Argentina; del Consejo Federal del Consumo (COFEDEC); de la Federaci\u00f3n de Inquilinos Nacional (PTE); y del Centro de Estudios alegales y Sociales (CELS), entre otros.<\/p>\n<p>&nbsp;<\/p>\n<p>La actividad se podr\u00e1 seguir en directo desde los siguientes links:<\/p>\n<p>&nbsp;<\/p>\n<div class=\"jetpack-video-wrapper\"><iframe loading=\"lazy\" title=\"COMISI\u00d3N EN VIVO H. C\u00e1mara de Diputados de la Naci\u00f3n - 20 abril de 2022\" width=\"800\" height=\"600\" src=\"https:\/\/www.youtube.com\/embed\/ecnxIR6q0-U?feature=oembed\" frameborder=\"0\" allow=\"accelerometer; autoplay; clipboard-write; encrypted-media; gyroscope; picture-in-picture\" allowfullscreen><\/iframe><\/div>\n<p>&nbsp;<\/p>\n<p>En TV: Diputados TV<\/p>\n<p>En la web: <a href=\"https:\/\/dtv.hcdn.gob.ar\/\" target=\"_blank\" rel=\"noopener\">dtv.diputados.gob.ar<\/a><\/p>\n<p>FB: \/<a href=\"https:\/\/www.facebook.com\/diputados.argentina\" target=\"_blank\" rel=\"noopener\">diputados.argentina<\/a><\/p>\n","protected":false},"excerpt":{"rendered":"<p>Segu\u00ed el debate de la comisi\u00f3n de Legislaci\u00f3n General. Participan referentes de distintas asociaciones.<\/p>\n","protected":false},"author":5,"featured_media":34211,"comment_status":"closed","ping_status":"closed","sticky":false,"template":"","format":"standard","meta":{"_jetpack_memberships_contains_paid_content":false,"footnotes":""},"categories":[6,1],"tags":[],"class_list":["post-52151","post","type-post","status-publish","format-standard","has-post-thumbnail","hentry","category-nacionales","category-portada"],"jetpack_featured_media_url":"https:\/\/i0.wp.com\/cdnoticias.com\/wp-content\/uploads\/2021\/09\/diputados-2.jpg?fit=1200%2C800&ssl=1","jetpack_sharing_enabled":true,"_links":{"self":[{"href":"https:\/\/cdnoticias.com\/index.php\/wp-json\/wp\/v2\/posts\/52151","targetHints":{"allow":["GET"]}}],"collection":[{"href":"https:\/\/cdnoticias.com\/index.php\/wp-json\/wp\/v2\/posts"}],"about":[{"href":"https:\/\/cdnoticias.com\/index.php\/wp-json\/wp\/v2\/types\/post"}],"author":[{"embeddable":true,"href":"https:\/\/cdnoticias.com\/index.php\/wp-json\/wp\/v2\/users\/5"}],"replies":[{"embeddable":true,"href":"https:\/\/cdnoticias.com\/index.php\/wp-json\/wp\/v2\/comments?post=52151"}],"version-history":[{"count":0,"href":"https:\/\/cdnoticias.com\/index.php\/wp-json\/wp\/v2\/posts\/52151\/revisions"}],"wp:featuredmedia":[{"embeddable":true,"href":"https:\/\/cdnoticias.com\/index.php\/wp-json\/wp\/v2\/media\/34211"}],"wp:attachment":[{"href":"https:\/\/cdnoticias.com\/index.php\/wp-json\/wp\/v2\/media?parent=52151"}],"wp:term":[{"taxonomy":"category","embeddable":true,"href":"https:\/\/cdnoticias.com\/index.php\/wp-json\/wp\/v2\/categories?post=52151"},{"taxonomy":"post_tag","embeddable":true,"href":"https:\/\/cdnoticias.com\/index.php\/wp-json\/wp\/v2\/tags?post=52151"}],"curies":[{"name":"wp","href":"https:\/\/api.w.org\/{rel}","templated":true}]}}