{"id":52124,"date":"2022-04-20T07:55:37","date_gmt":"2022-04-20T10:55:37","guid":{"rendered":"https:\/\/www.centraldenoticias.com.ar\/?p=52124"},"modified":"2022-04-20T07:55:37","modified_gmt":"2022-04-20T10:55:37","slug":"anunciaron-un-corte-de-luz-para-un-sector-de-la-zona-rural","status":"publish","type":"post","link":"https:\/\/cdnoticias.com\/index.php\/2022\/04\/20\/anunciaron-un-corte-de-luz-para-un-sector-de-la-zona-rural\/","title":{"rendered":"Anunciaron un corte de luz para un sector de la zona rural"},"content":{"rendered":"<p>Ser\u00e1 durante la ma\u00f1ana de este mi\u00e9rcoles. El motivo es por mantenimiento.<!--more--><\/p>\n<hr \/>\n<p>Desde Coopelectric se inform\u00f3 que este mi\u00e9rcoles 20 de abril se llevar\u00e1 a cabo un<strong> corte de energ\u00eda en la zona rural.<\/strong><\/p>\n<p>&nbsp;<\/p>\n<p>Seg\u00fan indicaron, afectar\u00e1 el <strong>sistema rural Blanca Grande, incluye Espigas y Recalde.<\/strong><\/p>\n<p>&nbsp;<\/p>\n<p>Se realizar\u00e1 <strong>desde las 8 de la ma\u00f1ana y hasta las 11:30.<\/strong> El motivo responde a tareas de mantenimiento de la red.<\/p>\n","protected":false},"excerpt":{"rendered":"<p>Ser\u00e1 durante la ma\u00f1ana de este mi\u00e9rcoles. El motivo es por mantenimiento.<\/p>\n","protected":false},"author":5,"featured_media":41402,"comment_status":"closed","ping_status":"closed","sticky":false,"template":"","format":"standard","meta":{"_jetpack_memberships_contains_paid_content":false,"footnotes":""},"categories":[5,1],"tags":[],"class_list":["post-52124","post","type-post","status-publish","format-standard","has-post-thumbnail","hentry","category-informacion-general","category-portada"],"jetpack_featured_media_url":"https:\/\/i0.wp.com\/cdnoticias.com\/wp-content\/uploads\/2021\/12\/coopelectric-camion1.jpg?fit=1540%2C856&ssl=1","jetpack_sharing_enabled":true,"_links":{"self":[{"href":"https:\/\/cdnoticias.com\/index.php\/wp-json\/wp\/v2\/posts\/52124","targetHints":{"allow":["GET"]}}],"collection":[{"href":"https:\/\/cdnoticias.com\/index.php\/wp-json\/wp\/v2\/posts"}],"about":[{"href":"https:\/\/cdnoticias.com\/index.php\/wp-json\/wp\/v2\/types\/post"}],"author":[{"embeddable":true,"href":"https:\/\/cdnoticias.com\/index.php\/wp-json\/wp\/v2\/users\/5"}],"replies":[{"embeddable":true,"href":"https:\/\/cdnoticias.com\/index.php\/wp-json\/wp\/v2\/comments?post=52124"}],"version-history":[{"count":0,"href":"https:\/\/cdnoticias.com\/index.php\/wp-json\/wp\/v2\/posts\/52124\/revisions"}],"wp:featuredmedia":[{"embeddable":true,"href":"https:\/\/cdnoticias.com\/index.php\/wp-json\/wp\/v2\/media\/41402"}],"wp:attachment":[{"href":"https:\/\/cdnoticias.com\/index.php\/wp-json\/wp\/v2\/media?parent=52124"}],"wp:term":[{"taxonomy":"category","embeddable":true,"href":"https:\/\/cdnoticias.com\/index.php\/wp-json\/wp\/v2\/categories?post=52124"},{"taxonomy":"post_tag","embeddable":true,"href":"https:\/\/cdnoticias.com\/index.php\/wp-json\/wp\/v2\/tags?post=52124"}],"curies":[{"name":"wp","href":"https:\/\/api.w.org\/{rel}","templated":true}]}}