{"id":52068,"date":"2022-04-19T17:20:22","date_gmt":"2022-04-19T20:20:22","guid":{"rendered":"https:\/\/www.centraldenoticias.com.ar\/?p=52068"},"modified":"2022-04-19T17:20:22","modified_gmt":"2022-04-19T20:20:22","slug":"el-intendente-galli-critico-las-medidas-por-la-inflacion-y-valicenti-salio-al-cruce","status":"publish","type":"post","link":"https:\/\/cdnoticias.com\/index.php\/2022\/04\/19\/el-intendente-galli-critico-las-medidas-por-la-inflacion-y-valicenti-salio-al-cruce\/","title":{"rendered":"El intendente Galli critic\u00f3 las medidas por la inflaci\u00f3n y Valicenti sali\u00f3 al cruce"},"content":{"rendered":"<p>El jefe comunal pidi\u00f3 frenar con los impuestos mientras que el diputado provincial del Frente de Todos le record\u00f3 la gesti\u00f3n de Macri y Vidal. <!--more--><\/p>\n<hr \/>\n<p>Tras los <strong>anuncios realizados por el Presidente de la Naci\u00f3n para \u201ccombatir la inflaci\u00f3n\u201d<\/strong> tales como el bono para jubilados y aut\u00f3nomos como los trabajadores monotributistas, <strong>el intendente Galli critic\u00f3 las medidas y pidi\u00f3 \u201c#BastaDeImpuestos\u201d. El diputado provincial C\u00e9sar Valicenti le sali\u00f3 al cruce con dureza y le record\u00f3 las gestiones de Macri y Vidal.<\/strong><\/p>\n<p>&nbsp;<\/p>\n<p><em>\u201cLa guerra contra la inflaci\u00f3n estaba perdida antes de empezarla. Siguen insistiendo con recetas vetustas y que ya sabemos que no funcionaron. Hay que impulsar y apoyar la producci\u00f3n, no seguir asfixiando a quienes generan empleo genuino. #BastaDeImpuestos\u201d<\/em> dijo el jefe comunal en su cuenta de Twitter.<\/p>\n<p>&nbsp;<\/p>\n<p>Con sarcasmo y dureza, Valicenti le dijo al<strong><em> \u201cquerido Ezequiel Galli\u201d<\/em><\/strong> que<em> \u201cMacri se fue del gobierno con m\u00e1s del 50% de inflaci\u00f3n (sin pandemia ni guerra) Vidal tuvo un a\u00f1o el Ministerio de Producci\u00f3n ac\u00e9falo, bajaron la persiana 25 mil pymes, y se patinaron 50 mil millones de d\u00f3lares en 6 meses. \u00bfRecetas?\u201d<\/em><\/p>\n<p>&nbsp;<\/p>\n<p><strong>No es la primera vez que los m\u00e1ximos referentes del espacio en la ciudad y la secci\u00f3n se cruzan en redes sociales<\/strong>: de todas maneras, el jefe comunal decidi\u00f3 no responder ante la cr\u00edtica del diputado provincial y todo qued\u00f3 en el aire.<\/p>\n<p>&nbsp;<\/p>\n<p>Horas despu\u00e9s, <strong>Valicenti tambi\u00e9n dejar\u00eda un \u201cpalito\u201d a la gesti\u00f3n local y provincial anterior de Mar\u00eda Eugenia Vidal por la extensi\u00f3n de la planta urbana de nuestra ciudad.<\/strong><\/p>\n","protected":false},"excerpt":{"rendered":"<p>El jefe comunal pidi\u00f3 frenar con los impuestos mientras que el diputado provincial del Frente de Todos le record\u00f3 la<\/p>\n","protected":false},"author":2,"featured_media":7298,"comment_status":"closed","ping_status":"closed","sticky":false,"template":"","format":"standard","meta":{"_jetpack_memberships_contains_paid_content":false,"footnotes":""},"categories":[4,1],"tags":[],"class_list":["post-52068","post","type-post","status-publish","format-standard","has-post-thumbnail","hentry","category-politica","category-portada"],"jetpack_featured_media_url":"https:\/\/i0.wp.com\/cdnoticias.com\/wp-content\/uploads\/2020\/11\/Ezequiel-Galli-Cesar-Valicenti-construcci%C3%B3n1.jpg?fit=4928%2C3264&ssl=1","jetpack_sharing_enabled":true,"_links":{"self":[{"href":"https:\/\/cdnoticias.com\/index.php\/wp-json\/wp\/v2\/posts\/52068","targetHints":{"allow":["GET"]}}],"collection":[{"href":"https:\/\/cdnoticias.com\/index.php\/wp-json\/wp\/v2\/posts"}],"about":[{"href":"https:\/\/cdnoticias.com\/index.php\/wp-json\/wp\/v2\/types\/post"}],"author":[{"embeddable":true,"href":"https:\/\/cdnoticias.com\/index.php\/wp-json\/wp\/v2\/users\/2"}],"replies":[{"embeddable":true,"href":"https:\/\/cdnoticias.com\/index.php\/wp-json\/wp\/v2\/comments?post=52068"}],"version-history":[{"count":0,"href":"https:\/\/cdnoticias.com\/index.php\/wp-json\/wp\/v2\/posts\/52068\/revisions"}],"wp:featuredmedia":[{"embeddable":true,"href":"https:\/\/cdnoticias.com\/index.php\/wp-json\/wp\/v2\/media\/7298"}],"wp:attachment":[{"href":"https:\/\/cdnoticias.com\/index.php\/wp-json\/wp\/v2\/media?parent=52068"}],"wp:term":[{"taxonomy":"category","embeddable":true,"href":"https:\/\/cdnoticias.com\/index.php\/wp-json\/wp\/v2\/categories?post=52068"},{"taxonomy":"post_tag","embeddable":true,"href":"https:\/\/cdnoticias.com\/index.php\/wp-json\/wp\/v2\/tags?post=52068"}],"curies":[{"name":"wp","href":"https:\/\/api.w.org\/{rel}","templated":true}]}}