{"id":52066,"date":"2022-04-19T19:16:58","date_gmt":"2022-04-19T22:16:58","guid":{"rendered":"https:\/\/www.centraldenoticias.com.ar\/?p=52066"},"modified":"2022-04-19T20:33:56","modified_gmt":"2022-04-19T23:33:56","slug":"daniel-fitte-todos-somos-en-alguna-medida-el-paisaje-que-habitamos","status":"publish","type":"post","link":"https:\/\/cdnoticias.com\/index.php\/2022\/04\/19\/daniel-fitte-todos-somos-en-alguna-medida-el-paisaje-que-habitamos\/","title":{"rendered":"Daniel Fitte: &#8220;todos somos en alguna medida el paisaje que habitamos&#8221;"},"content":{"rendered":"<p>El artista sierrabayense present\u00f3 este pasado 15 de abril la muestra &#8220;Ser Paisaje&#8221; en el Museo Provincial de Arte Contempor\u00e1neo MAR ubicado en Mar del Plata. Los detalles de su muestra actual y un viaje al pasado para recordar una de sus obras que fue declarada patrimonio municipal.<!--more--><\/p>\n<hr \/>\n<p><em>Por: Danisa Jaime\u00a0<\/em><\/p>\n<p>&nbsp;<\/p>\n<p>Este pasado viernes 15 de abril el <strong>artista sierrabayense Daniel Fitte<\/strong> <strong>present\u00f3 la muestra<em> &#8220;Ser Paisaje&#8221;<\/em><\/strong> en el Museo Provincial de Arte Contempor\u00e1neo MAR ubicado en <strong>Mar del Plata con gran presencia de p\u00fablico.<\/strong><\/p>\n<p>&nbsp;<\/p>\n<p>La propuesta surgi\u00f3 del director del museo Daniel Besoytaorube y la muestra se encuentra en la Sala 2 del Museo MAR que comparte junto a la artista de Necochea Alejandra Veglio con la curadur\u00eda de Carlos Herrera. <strong>Estar\u00e1 hasta el mes de agosto.<\/strong><\/p>\n<p>&nbsp;<\/p>\n<p>La exposici\u00f3n cont\u00f3 con la curadur\u00eda de <strong>Diana Aisenberg<\/strong> y por parte del Municipio de Olavarr\u00eda estuvieron presentes <strong>Agustina Marino y Fernanda Gallardo.<\/strong> Adem\u00e1s cont\u00f3 con la presencia de Punto Azul (Galer\u00eda Silvio Oliva Drys) y el apoyo de Isidoro Espacio de Arte con la direcci\u00f3n de Sonia G\u00f3mez.<\/p>\n<p>&nbsp;<\/p>\n<p><img data-recalc-dims=\"1\" loading=\"lazy\" decoding=\"async\" class=\"aligncenter wp-image-52070 size-large\" src=\"https:\/\/i0.wp.com\/cdnoticias.com\/wp-content\/uploads\/2022\/04\/WhatsApp-Image-2022-04-18-at-6.27.02-PM.jpeg?resize=800%2C716&#038;ssl=1\" alt=\"\" width=\"800\" height=\"716\" srcset=\"https:\/\/i0.wp.com\/cdnoticias.com\/wp-content\/uploads\/2022\/04\/WhatsApp-Image-2022-04-18-at-6.27.02-PM.jpeg?resize=1024%2C917&amp;ssl=1 1024w, https:\/\/i0.wp.com\/cdnoticias.com\/wp-content\/uploads\/2022\/04\/WhatsApp-Image-2022-04-18-at-6.27.02-PM.jpeg?resize=300%2C269&amp;ssl=1 300w, https:\/\/i0.wp.com\/cdnoticias.com\/wp-content\/uploads\/2022\/04\/WhatsApp-Image-2022-04-18-at-6.27.02-PM.jpeg?resize=768%2C688&amp;ssl=1 768w, https:\/\/i0.wp.com\/cdnoticias.com\/wp-content\/uploads\/2022\/04\/WhatsApp-Image-2022-04-18-at-6.27.02-PM.jpeg?w=1280&amp;ssl=1 1280w\" sizes=\"auto, (max-width: 800px) 100vw, 800px\" \/><\/p>\n<p>&nbsp;<\/p>\n<p><strong>&#8220;Ser Paisaje&#8221;<\/strong> es el nombre de la muestra de Daniel Fitte, que a la vez cuenta con distintas obras en conjunto: <strong><em>&#8220;Guantes usados por obreros de una f\u00e1brica productora de cal&#8221; &#8220;Paisaje- acceso-&#8221; &#8220;Cementados&#8221; y &#8220;Bollo&#8221;.\u00a0<\/em><\/strong><\/p>\n<p>&nbsp;<\/p>\n<p>La obra <strong><em>&#8220;Guantes usados por obreros de una f\u00e1brica productora de cal&#8221;<\/em> <\/strong>comenz\u00f3 en el <strong>a\u00f1o 2000<\/strong> y durante el<strong> gobierno de Jos\u00e9 Eseverri (2012) fue declarada patrimonio municipal<\/strong>. Fitte fue recolectando a trav\u00e9s de los a\u00f1os una serie de guantes que iban dejando los obreros en una calera.<\/p>\n<p>&nbsp;<\/p>\n<figure id=\"attachment_52067\" aria-describedby=\"caption-attachment-52067\" style=\"width: 1024px\" class=\"wp-caption aligncenter\"><img data-recalc-dims=\"1\" loading=\"lazy\" decoding=\"async\" class=\"wp-image-52067 size-full\" src=\"https:\/\/i0.wp.com\/cdnoticias.com\/wp-content\/uploads\/2022\/04\/WhatsApp-Image-2022-04-18-at-6.18.11-PM.jpeg?resize=800%2C600&#038;ssl=1\" alt=\"\" width=\"800\" height=\"600\" srcset=\"https:\/\/i0.wp.com\/cdnoticias.com\/wp-content\/uploads\/2022\/04\/WhatsApp-Image-2022-04-18-at-6.18.11-PM.jpeg?w=1024&amp;ssl=1 1024w, https:\/\/i0.wp.com\/cdnoticias.com\/wp-content\/uploads\/2022\/04\/WhatsApp-Image-2022-04-18-at-6.18.11-PM.jpeg?resize=300%2C225&amp;ssl=1 300w, https:\/\/i0.wp.com\/cdnoticias.com\/wp-content\/uploads\/2022\/04\/WhatsApp-Image-2022-04-18-at-6.18.11-PM.jpeg?resize=768%2C576&amp;ssl=1 768w\" sizes=\"auto, (max-width: 800px) 100vw, 800px\" \/><figcaption id=\"caption-attachment-52067\" class=\"wp-caption-text\">Daniel Fitte junto a sus hijos Bruno, Camila y Franco.<\/figcaption><\/figure>\n<p>&nbsp;<\/p>\n<p>Por otra parte, Fitte encontr\u00f3 un bollo atado con sogas en la vereda de su casa luego de que un alba\u00f1il las at\u00f3. &#8220;Lo tuve mucho tiempo en el taller.<strong> Ese gesto del alba\u00f1il atando esas bolsas habla de un tiempo trabajado, de un oficio, de un modo de vida, de una identidad y es una recreaci\u00f3n que tambi\u00e9n aparece asoci\u00e1ndose con la obra de los guantes&#8221;<\/strong> indic\u00f3. As\u00ed surgi\u00f3 <em>&#8220;Bollo&#8221;.\u00a0<\/em><\/p>\n<p>&nbsp;<\/p>\n<p>En dialog\u00f3 con <em>Central de Noticias<\/em> Fitte explic\u00f3 que<em> &#8220;<strong>Ser Paisaje <\/strong><\/em><strong>intenta emular las letras que hay en los accesos de los pueblos<\/strong>. En lugar de tener el nombre de alg\u00fan pueblo la palabra dice<strong><em> paisaje<\/em> <\/strong>e intenta ser una invitaci\u00f3n a<strong> habitar los paisajes personales de cada uno&#8221;.<\/strong><\/p>\n<p>&nbsp;<\/p>\n<p>&#8220;Creo que cada uno tiene un paisaje interno que transita. <strong>Todos somos en alguna medida el paisaje que habitamos<\/strong> y mi obra nace del mismo lugar donde yo nac\u00ed, <strong>del paisaje de Sierras Bayas, de la historia del pueblo y de un homenaje que trato de hacerle al obrero<\/strong> (mi viejo era uno de ellos). Tambi\u00e9n, el paisaje de esta zona es un<strong> paisaje que muta todo el tiempo a trav\u00e9s de la actividad minera.<\/strong> Somos de ese paisaje, pero tambi\u00e9n es lo que nosotros hacemos de \u00e9l. Eso es ser paisaje, es habitarlo, vivirlo y tenerlo encarnado&#8221;.<\/p>\n<p>&nbsp;<\/p>\n<p><img data-recalc-dims=\"1\" loading=\"lazy\" decoding=\"async\" class=\"aligncenter wp-image-52071 size-large\" src=\"https:\/\/i0.wp.com\/cdnoticias.com\/wp-content\/uploads\/2022\/04\/WhatsApp-Image-2022-04-18-at-6.11.42-PM.jpeg?resize=800%2C450&#038;ssl=1\" alt=\"\" width=\"800\" height=\"450\" srcset=\"https:\/\/i0.wp.com\/cdnoticias.com\/wp-content\/uploads\/2022\/04\/WhatsApp-Image-2022-04-18-at-6.11.42-PM.jpeg?resize=1024%2C576&amp;ssl=1 1024w, https:\/\/i0.wp.com\/cdnoticias.com\/wp-content\/uploads\/2022\/04\/WhatsApp-Image-2022-04-18-at-6.11.42-PM.jpeg?resize=300%2C169&amp;ssl=1 300w, https:\/\/i0.wp.com\/cdnoticias.com\/wp-content\/uploads\/2022\/04\/WhatsApp-Image-2022-04-18-at-6.11.42-PM.jpeg?resize=768%2C432&amp;ssl=1 768w, https:\/\/i0.wp.com\/cdnoticias.com\/wp-content\/uploads\/2022\/04\/WhatsApp-Image-2022-04-18-at-6.11.42-PM.jpeg?w=1280&amp;ssl=1 1280w\" sizes=\"auto, (max-width: 800px) 100vw, 800px\" \/><\/p>\n<p>&nbsp;<\/p>\n<p><img data-recalc-dims=\"1\" loading=\"lazy\" decoding=\"async\" class=\"aligncenter wp-image-52078 size-large\" src=\"https:\/\/i0.wp.com\/cdnoticias.com\/wp-content\/uploads\/2022\/04\/WhatsApp-Image-2022-04-18-at-6.11.41-PM.jpeg?resize=800%2C450&#038;ssl=1\" alt=\"\" width=\"800\" height=\"450\" srcset=\"https:\/\/i0.wp.com\/cdnoticias.com\/wp-content\/uploads\/2022\/04\/WhatsApp-Image-2022-04-18-at-6.11.41-PM.jpeg?resize=1024%2C576&amp;ssl=1 1024w, https:\/\/i0.wp.com\/cdnoticias.com\/wp-content\/uploads\/2022\/04\/WhatsApp-Image-2022-04-18-at-6.11.41-PM.jpeg?resize=300%2C169&amp;ssl=1 300w, https:\/\/i0.wp.com\/cdnoticias.com\/wp-content\/uploads\/2022\/04\/WhatsApp-Image-2022-04-18-at-6.11.41-PM.jpeg?resize=768%2C432&amp;ssl=1 768w, https:\/\/i0.wp.com\/cdnoticias.com\/wp-content\/uploads\/2022\/04\/WhatsApp-Image-2022-04-18-at-6.11.41-PM.jpeg?w=1280&amp;ssl=1 1280w\" sizes=\"auto, (max-width: 800px) 100vw, 800px\" \/><\/p>\n<p>&nbsp;<\/p>\n<p>&nbsp;<\/p>\n<p><strong>Sobre la obra &#8220;Guantes usados por obreros de una f\u00e1brica productora de cal&#8221;<\/strong><\/p>\n<p>&nbsp;<\/p>\n<p><em>-\u00bfC\u00f3mo surge la idea de esta obra? \u00bfTiene relaci\u00f3n debido a que sos hijo de una familia obrera?<\/em><\/p>\n<p>&nbsp;<\/p>\n<p>DF:\u00a0<strong>Todo lo que uno hace parte de la historia personal<\/strong>. Nace de estar desde muy chiquito atr\u00e1s de mi pap\u00e1 mientras \u00e9l constru\u00eda su casa o esperarlo cuando ven\u00eda de la f\u00e1brica en donde manejaba un cami\u00f3n. <strong>Hay algo ah\u00ed que tengo incorporado, el olor a la construcci\u00f3n es un olor que lo llev\u00e1s para siempre. El perfume de la transpiraci\u00f3n del trabajo es distinto a otros olores. Es algo que yo lo llevo muy adentro.<\/strong> <strong>Me encantaba estar abrazado con \u00e9l para sentirlo<\/strong> y creo que ese recuerdo es la que hace que uno despu\u00e9s haga este tipo de obras. Si veo un guante por supuesto que lo veo a \u00e9l, pero si yo en esa obra solamente hablo sobre mi historia personal no ser\u00eda tan importante. <strong>El desaf\u00edo del artista es trascenderla para que ese homenaje sea extensivo a otros trabajadores.<\/strong> <strong>Deseo que funcione como puente<\/strong>, que a trav\u00e9s de esa obra las personas que visiten la muestra puedan verse reflejadas en sus propias historias. Cuando sucede eso creo que la obra adquiere sentido.<\/p>\n<p>&nbsp;<\/p>\n<p><em>&#8211; Hay muchos materiales relacionados al oficio del obrero, \u00bfpor qu\u00e9 los guantes?<\/em><\/p>\n<p>&nbsp;<\/p>\n<p>DF: <strong>Los guantes est\u00e1n presentados mostrando las palmas, mostrando las huellas, desgastados, usados.<\/strong> Me interesaba mucho contar todas esas horas de trabajo, que<strong> los guantes son testigos de ese mundo del trabajo, testigo del desgaste. Funcionan como la extensi\u00f3n de la propia piel de los obreros.<\/strong> Todos los materiales del mundo del trabajo que tienen marcas para m\u00ed tienen voz propia, nos est\u00e1n contando, nos est\u00e1n diciendo y haciendo visible un mundo.<\/p>\n<p>&nbsp;<\/p>\n<p>&nbsp;<\/p>\n<p><img data-recalc-dims=\"1\" loading=\"lazy\" decoding=\"async\" class=\"aligncenter wp-image-52076 size-large\" src=\"https:\/\/i0.wp.com\/cdnoticias.com\/wp-content\/uploads\/2022\/04\/WhatsApp-Image-2022-04-18-at-6.15.44-PM.jpeg?resize=800%2C600&#038;ssl=1\" alt=\"\" width=\"800\" height=\"600\" srcset=\"https:\/\/i0.wp.com\/cdnoticias.com\/wp-content\/uploads\/2022\/04\/WhatsApp-Image-2022-04-18-at-6.15.44-PM.jpeg?resize=1024%2C768&amp;ssl=1 1024w, https:\/\/i0.wp.com\/cdnoticias.com\/wp-content\/uploads\/2022\/04\/WhatsApp-Image-2022-04-18-at-6.15.44-PM.jpeg?resize=300%2C225&amp;ssl=1 300w, https:\/\/i0.wp.com\/cdnoticias.com\/wp-content\/uploads\/2022\/04\/WhatsApp-Image-2022-04-18-at-6.15.44-PM.jpeg?resize=768%2C576&amp;ssl=1 768w, https:\/\/i0.wp.com\/cdnoticias.com\/wp-content\/uploads\/2022\/04\/WhatsApp-Image-2022-04-18-at-6.15.44-PM.jpeg?w=1280&amp;ssl=1 1280w\" sizes=\"auto, (max-width: 800px) 100vw, 800px\" \/><\/p>\n<p>&nbsp;<\/p>\n<p>&nbsp;<\/p>\n<blockquote><p>Los guantes son testigos de ese mundo del trabajo, testigo del desgaste. Funcionan como la extensi\u00f3n de la propia piel de los obreros.<\/p><\/blockquote>\n<p>&nbsp;<\/p>\n<p>&nbsp;<\/p>\n<p><em>-Sos artista pero tambi\u00e9n haces un trabajo de recolecci\u00f3n como si fueras un arque\u00f3logo. \u00bfC\u00f3mo es esa relaci\u00f3n?\u00a0<\/em><\/p>\n<p>&nbsp;<\/p>\n<p>DF:\u00a0A veces digo que <strong>hago el trabajo de un antrop\u00f3logo y un arque\u00f3logo<\/strong>. Por supuesto que solo una parte porque no soy ninguno de los dos, pero tomo una parte casi sin darme cuenta y despu\u00e9s la hago m\u00e1s consciente. <strong>Antrop\u00f3logo porque soy alguien que estudia su propia sociedad, todo el tiempo estoy investigando sobre mi propio entorno comunitario<\/strong>. Y <strong>arqueolog\u00eda porque esos hallazgos no salgo a buscarlos, los voy encontrando, hay un encuentro, algo sucede<\/strong>. A m\u00ed me gusta pensar que las emociones que tenemos tienen texturas, colores, huellas y cuando vemos un objeto que tienen esas marcas y formas parecidas a nuestras emociones se produce una experiencia emp\u00e1tica, establecemos ese di\u00e1logo y por eso los elegimos. Si veo un objeto en la v\u00eda publica y creo que cuenta algo es motivo suficiente para empezar a trabajar porque <strong>si a m\u00ed ese objeto me dice algo yo conf\u00edo en que eso mismo le puede llegar a suceder a otras personas.<\/strong><\/p>\n<p>&nbsp;<\/p>\n<p><em>-\u00bfQu\u00e9 significa para vos que la obra haya sido declarada patrimonio municipal?<\/em><\/p>\n<p>&nbsp;<\/p>\n<p>La <strong>obra comenz\u00f3 en el a\u00f1o 2000<\/strong> pero es <strong>adquirida por la Municipalidad en el gobierno de Jos\u00e9 Eseverri en 2012.<\/strong> Para m\u00ed fue un momento muy importante porque de esa manera era <strong>una obra que<\/strong> <strong>naci\u00f3 desde la gente y volvi\u00f3 a la gente<\/strong>. Ahora es de la gente, es patrimonio municipal. Lo vivo con mucha alegr\u00eda y estoy agradecido de que hayan visto esa obra como reflejo de la comunidad de Olavarr\u00eda.<\/p>\n","protected":false},"excerpt":{"rendered":"<p>El artista sierrabayense present\u00f3 este pasado 15 de abril la muestra &#8220;Ser Paisaje&#8221; en el Museo Provincial de Arte Contempor\u00e1neo<\/p>\n","protected":false},"author":6,"featured_media":52067,"comment_status":"closed","ping_status":"closed","sticky":false,"template":"","format":"standard","meta":{"_jetpack_memberships_contains_paid_content":false,"footnotes":""},"categories":[9,1],"tags":[],"class_list":["post-52066","post","type-post","status-publish","format-standard","has-post-thumbnail","hentry","category-cultura","category-portada"],"jetpack_featured_media_url":"https:\/\/i0.wp.com\/cdnoticias.com\/wp-content\/uploads\/2022\/04\/WhatsApp-Image-2022-04-18-at-6.18.11-PM.jpeg?fit=1024%2C768&ssl=1","jetpack_sharing_enabled":true,"_links":{"self":[{"href":"https:\/\/cdnoticias.com\/index.php\/wp-json\/wp\/v2\/posts\/52066","targetHints":{"allow":["GET"]}}],"collection":[{"href":"https:\/\/cdnoticias.com\/index.php\/wp-json\/wp\/v2\/posts"}],"about":[{"href":"https:\/\/cdnoticias.com\/index.php\/wp-json\/wp\/v2\/types\/post"}],"author":[{"embeddable":true,"href":"https:\/\/cdnoticias.com\/index.php\/wp-json\/wp\/v2\/users\/6"}],"replies":[{"embeddable":true,"href":"https:\/\/cdnoticias.com\/index.php\/wp-json\/wp\/v2\/comments?post=52066"}],"version-history":[{"count":0,"href":"https:\/\/cdnoticias.com\/index.php\/wp-json\/wp\/v2\/posts\/52066\/revisions"}],"wp:featuredmedia":[{"embeddable":true,"href":"https:\/\/cdnoticias.com\/index.php\/wp-json\/wp\/v2\/media\/52067"}],"wp:attachment":[{"href":"https:\/\/cdnoticias.com\/index.php\/wp-json\/wp\/v2\/media?parent=52066"}],"wp:term":[{"taxonomy":"category","embeddable":true,"href":"https:\/\/cdnoticias.com\/index.php\/wp-json\/wp\/v2\/categories?post=52066"},{"taxonomy":"post_tag","embeddable":true,"href":"https:\/\/cdnoticias.com\/index.php\/wp-json\/wp\/v2\/tags?post=52066"}],"curies":[{"name":"wp","href":"https:\/\/api.w.org\/{rel}","templated":true}]}}