{"id":52021,"date":"2022-04-19T09:58:17","date_gmt":"2022-04-19T12:58:17","guid":{"rendered":"https:\/\/www.centraldenoticias.com.ar\/?p=52021"},"modified":"2022-04-19T11:55:00","modified_gmt":"2022-04-19T14:55:00","slug":"loma-negra-considero-irracional-y-arbitraria-la-medida-de-fuerza-de-aoma","status":"publish","type":"post","link":"https:\/\/cdnoticias.com\/index.php\/2022\/04\/19\/loma-negra-considero-irracional-y-arbitraria-la-medida-de-fuerza-de-aoma\/","title":{"rendered":"Loma Negra consider\u00f3 \u201cirracional y arbitraria\u201d la medida de fuerza de AOMA"},"content":{"rendered":"<p>Emitieron un comunicado en el que cuestionaron las acciones que el gremio lleva adelante este martes en Planta L\u2019Amal\u00ed y Planta Olavarr\u00eda.<!--more--><\/p>\n<hr \/>\n<p>Desde la empresa Loma Negra emitieron un comunicado en el que<strong> repudiaron las medidas de fuerza tomadas por el gremio AOMA<\/strong> que consisten en el bloqueo intermitente del paso de camiones en F\u00e1brica L\u2019Amal\u00ed y F\u00e1brica Olavarr\u00eda, y que se desarrollan desde la ma\u00f1ana de este martes.<\/p>\n<p>&nbsp;<\/p>\n<p>Durante la jornada del lunes, el propio secretario general, Alejandro Santill\u00e1n, adelant\u00f3 que se iban a implementar acciones de protesta en el marco de un <a href=\"https:\/\/cdnoticias.com\/index.php\/2022\/04\/18\/aoma-adelanta-medidas-de-fuerza-por-los-trabajadores-de-limpieza-industrial-de-loma-negra\/\" target=\"_blank\" rel=\"noopener\">reclamo salarial por los trabajadores de limpieza industrial de Loma Negra.<\/a><\/p>\n<p>&nbsp;<\/p>\n<p>En ese sentido, Loma Negra expuso que \u201cla Secretar\u00eda General de AOMA Nacional viene negociando hace varios meses en el marco de la Asociaci\u00f3n de Fabricantes de Cemento Portland (AFCP) una mejora de las condiciones salariales de los trabajadores de limpieza industrial a nivel nacional\u201d.<\/p>\n<p>&nbsp;<\/p>\n<p>Ante ese escenario de negociaciones, manifestaron estar \u201cperplejos\u201d con las medidas de fuerza adoptadas por AOMA Seccional Olavarr\u00eda. <strong>\u201cUna vez m\u00e1s, Loma Negra se transform\u00f3 en reh\u00e9n de una discusi\u00f3n entre el sindicato y un proveedor\u201d<\/strong>, afirmaron.<\/p>\n<p>&nbsp;<\/p>\n<p>Aseguraron que \u201csi bien se viene conversando hace meses el tema entre AOMA Nacional y AFCP, <strong>Loma Negra, por voluntad propia a fin de avanzar y darle un cierre al asunto de los trabajadores de limpieza industrial, decidi\u00f3 contactar al Secretario General de AOMA Nacional,<\/strong> sin perjuicio de que se trata de trabajadores dependientes de empresas proveedoras de servicios. <strong>La respuesta del Secretario General de AOMA Nacional fue que esta semana estar\u00edan reunidos en un Congreso en la provincia de Salta<\/strong> y que se retomar\u00edan estas negociaciones la semana del 25 de abril\u201d.<\/p>\n<p>&nbsp;<\/p>\n<p>Adem\u00e1s, adelantaron que si bien \u201cLoma Negra defiende y valora el derecho de cada colaborador\u201d la empresa<strong> \u201ctomar\u00e1 las acciones que considere necesarias cuando se trate de temas que ponen en juego la operaci\u00f3n industrial\u201d.<\/strong><\/p>\n<p>&nbsp;<\/p>\n<p>\u201cInstamos a AOMA a volver al sendero de las negociaciones y al di\u00e1logo a fin de llegar a un acuerdo que beneficie, cuanto antes, a todas las partes involucradas\u201d, concluyeron.<\/p>\n","protected":false},"excerpt":{"rendered":"<p>Emitieron un comunicado en el que cuestionaron las acciones que el gremio lleva adelante este martes en Planta L\u2019Amal\u00ed y<\/p>\n","protected":false},"author":5,"featured_media":36571,"comment_status":"closed","ping_status":"closed","sticky":false,"template":"","format":"standard","meta":{"_jetpack_memberships_contains_paid_content":false,"footnotes":""},"categories":[5,1],"tags":[],"class_list":["post-52021","post","type-post","status-publish","format-standard","has-post-thumbnail","hentry","category-informacion-general","category-portada"],"jetpack_featured_media_url":"https:\/\/i0.wp.com\/cdnoticias.com\/wp-content\/uploads\/2021\/10\/loma-negra-lamali-cemento.jpg?fit=800%2C444&ssl=1","jetpack_sharing_enabled":true,"_links":{"self":[{"href":"https:\/\/cdnoticias.com\/index.php\/wp-json\/wp\/v2\/posts\/52021","targetHints":{"allow":["GET"]}}],"collection":[{"href":"https:\/\/cdnoticias.com\/index.php\/wp-json\/wp\/v2\/posts"}],"about":[{"href":"https:\/\/cdnoticias.com\/index.php\/wp-json\/wp\/v2\/types\/post"}],"author":[{"embeddable":true,"href":"https:\/\/cdnoticias.com\/index.php\/wp-json\/wp\/v2\/users\/5"}],"replies":[{"embeddable":true,"href":"https:\/\/cdnoticias.com\/index.php\/wp-json\/wp\/v2\/comments?post=52021"}],"version-history":[{"count":0,"href":"https:\/\/cdnoticias.com\/index.php\/wp-json\/wp\/v2\/posts\/52021\/revisions"}],"wp:featuredmedia":[{"embeddable":true,"href":"https:\/\/cdnoticias.com\/index.php\/wp-json\/wp\/v2\/media\/36571"}],"wp:attachment":[{"href":"https:\/\/cdnoticias.com\/index.php\/wp-json\/wp\/v2\/media?parent=52021"}],"wp:term":[{"taxonomy":"category","embeddable":true,"href":"https:\/\/cdnoticias.com\/index.php\/wp-json\/wp\/v2\/categories?post=52021"},{"taxonomy":"post_tag","embeddable":true,"href":"https:\/\/cdnoticias.com\/index.php\/wp-json\/wp\/v2\/tags?post=52021"}],"curies":[{"name":"wp","href":"https:\/\/api.w.org\/{rel}","templated":true}]}}