{"id":52003,"date":"2022-04-18T21:10:28","date_gmt":"2022-04-19T00:10:28","guid":{"rendered":"https:\/\/www.centraldenoticias.com.ar\/?p=52003"},"modified":"2022-04-19T07:40:04","modified_gmt":"2022-04-19T10:40:04","slug":"hemos-secuestrado-el-circuito-cerrado-de-vigilancia-y-bebidas-alcoholicas-abiertas","status":"publish","type":"post","link":"https:\/\/cdnoticias.com\/index.php\/2022\/04\/18\/hemos-secuestrado-el-circuito-cerrado-de-vigilancia-y-bebidas-alcoholicas-abiertas\/","title":{"rendered":"\u201cHemos secuestrado el circuito cerrado de vigilancia y bebidas alcoh\u00f3licas abiertas\u201d"},"content":{"rendered":"<p>El fiscal Lucas Moyano dialog\u00f3 con los medios y confirm\u00f3 el secuestro de estos dos elementos. Valor\u00f3 la \u201cpredisposici\u00f3n\u201d de los due\u00f1os del bar allanado y destac\u00f3 que hay \u201cvarias\u201d testimoniales. <!--more--><\/p>\n<hr \/>\n<p>Tras el <a href=\"https:\/\/cdnoticias.com\/index.php\/2022\/04\/18\/allanan-el-bar-donde-una-joven-denuncio-haber-sido-drogada\/\">allanamiento a un bar ubicado en Pueblo Nuevo tras la denuncia de una joven de haber sido drogada en dicho lugar<\/a>, la UFI N\u00b019 a cargo del doctor Lucas Moyano confirm\u00f3 que analizar\u00e1n las c\u00e1maras y bebidas alcoh\u00f3licas abiertas encontradas all\u00ed.<\/p>\n<p>&nbsp;<\/p>\n<p>Moyano, tras el procedimiento que tuvo participaci\u00f3n de efectivos de Polic\u00eda Federal y SUBDDI, dialog\u00f3 con los medios y dijo, en principio, que<strong><em> \u201cen un primer momento podemos dar poca informaci\u00f3n porque estamos en una incipiente investigaci\u00f3n\u201d.<\/em><\/strong><\/p>\n<p>&nbsp;<\/p>\n<p>El allanamiento surge tras el relevamiento de \u201c<em>algunos testimonios, y con esa prueba solicitamos al Juzgado de Garant\u00edas a cargo del doctor Villamar\u00edn para buscar medidas de prueba existentes en el lugar. Es por eso este operativo que est\u00e1 haciendo la Polic\u00eda Federal y la SUBDDI local\u201d.<\/em><\/p>\n<p>&nbsp;<\/p>\n<p>Se hizo especial \u00e9nfasis en denunciar cualquier tipo de hecho vinculado con el consumo de drogas m\u00e1s all\u00e1 de este caso puntual:<em> \u201ccomo siempre refiero las denuncias de estupefacientes tanto en este caso como en otro necesitamos que la gente colabore con la Justicia, pueden ser an\u00f3nimas, est\u00e1 el 0800 droga no, el sistema de Vecinos en Alerta, est\u00e1n las mismas dependencias: nosotros tenemos un mail que es denunciasazul@pba.gob.ar, la aplicaci\u00f3n del Ministerio de Seguridad. <strong>No es necesario que sean con nombre y apellido, pueden ser an\u00f3nimas. Las puertas de la UFI 19 est\u00e1n abiertas, necesitamos la colaboraci\u00f3n del vecino<\/strong>\u201d.<\/em><\/p>\n<p>&nbsp;<\/p>\n<p>Otro punto destacado es la<strong><em> \u201cpredisposici\u00f3n de los propietarios del lugar, incluso est\u00e1n los abogados de la firma, hemos secuestrado el circuito cerrado de vigilancia, y bebidas alcoh\u00f3licas que estaban abiertas\u201d.<\/em><\/strong><\/p>\n<p>&nbsp;<\/p>\n<p>Con respecto a la cantidad de denuncias que derivaron en el procedimiento, Moyano destac\u00f3 que <em>\u201chemos recibido varias testimoniales, no puedo dar detalles porque estamos protegiendo a las v\u00edctimas de esta situaci\u00f3n\u201d<\/em> e insisti\u00f3, tras la repregunta, que <strong><em>\u201chay algunas denuncias realizadas\u201d.<\/em><\/strong><\/p>\n<p>&nbsp;<\/p>\n<p>Finalmente, y como otra medida judicial, <strong>se solicitaron las historias cl\u00ednicas de las personas involucradas.<\/strong><\/p>\n<p>&nbsp;<\/p>\n<p>Luego tambi\u00e9n se expres\u00f3 ante los medios presentes <a href=\"https:\/\/cdnoticias.com\/index.php\/2022\/04\/18\/bar-allanado-estuvimos-mirando-las-camaras-y-algo-se-encontro\/\" target=\"_blank\" rel=\"noopener\">el representante legal del comercio allanado, Pablo Salerno<\/a>.<\/p>\n","protected":false},"excerpt":{"rendered":"<p>El fiscal Lucas Moyano dialog\u00f3 con los medios y confirm\u00f3 el secuestro de estos dos elementos. Valor\u00f3 la \u201cpredisposici\u00f3n\u201d de<\/p>\n","protected":false},"author":2,"featured_media":52004,"comment_status":"closed","ping_status":"closed","sticky":false,"template":"","format":"standard","meta":{"_jetpack_memberships_contains_paid_content":false,"footnotes":""},"categories":[14,1],"tags":[],"class_list":["post-52003","post","type-post","status-publish","format-standard","has-post-thumbnail","hentry","category-policiales","category-portada"],"jetpack_featured_media_url":"https:\/\/i0.wp.com\/cdnoticias.com\/wp-content\/uploads\/2022\/04\/allanamiento-moyano.jpg?fit=1152%2C692&ssl=1","jetpack_sharing_enabled":true,"_links":{"self":[{"href":"https:\/\/cdnoticias.com\/index.php\/wp-json\/wp\/v2\/posts\/52003","targetHints":{"allow":["GET"]}}],"collection":[{"href":"https:\/\/cdnoticias.com\/index.php\/wp-json\/wp\/v2\/posts"}],"about":[{"href":"https:\/\/cdnoticias.com\/index.php\/wp-json\/wp\/v2\/types\/post"}],"author":[{"embeddable":true,"href":"https:\/\/cdnoticias.com\/index.php\/wp-json\/wp\/v2\/users\/2"}],"replies":[{"embeddable":true,"href":"https:\/\/cdnoticias.com\/index.php\/wp-json\/wp\/v2\/comments?post=52003"}],"version-history":[{"count":0,"href":"https:\/\/cdnoticias.com\/index.php\/wp-json\/wp\/v2\/posts\/52003\/revisions"}],"wp:featuredmedia":[{"embeddable":true,"href":"https:\/\/cdnoticias.com\/index.php\/wp-json\/wp\/v2\/media\/52004"}],"wp:attachment":[{"href":"https:\/\/cdnoticias.com\/index.php\/wp-json\/wp\/v2\/media?parent=52003"}],"wp:term":[{"taxonomy":"category","embeddable":true,"href":"https:\/\/cdnoticias.com\/index.php\/wp-json\/wp\/v2\/categories?post=52003"},{"taxonomy":"post_tag","embeddable":true,"href":"https:\/\/cdnoticias.com\/index.php\/wp-json\/wp\/v2\/tags?post=52003"}],"curies":[{"name":"wp","href":"https:\/\/api.w.org\/{rel}","templated":true}]}}