{"id":5200,"date":"2020-10-29T19:57:41","date_gmt":"2020-10-29T22:57:41","guid":{"rendered":"http:\/\/www.centraldenoticias.com.ar\/?p=5200"},"modified":"2020-10-30T08:50:57","modified_gmt":"2020-10-30T11:50:57","slug":"covid19-se-detectaron-118-nuevos-casos-28-en-el-rta-en-loma-negra-y-santa-luisa","status":"publish","type":"post","link":"https:\/\/cdnoticias.com\/index.php\/2020\/10\/29\/covid19-se-detectaron-118-nuevos-casos-28-en-el-rta-en-loma-negra-y-santa-luisa\/","title":{"rendered":"Covid19: Se detectaron 118 nuevos casos, 28 en el RTA en Loma Negra y Santa Luisa"},"content":{"rendered":"<p>En el informe oficial se detall\u00f3 adem\u00e1s el registro de dos muertes de pacientes con Coronavirus.<!--more--><\/p>\n<hr \/>\n<p>En la jornada de este jueves la Secretar\u00eda de Salud Municipal detect\u00f3 <strong>118 nuevos casos de coronavirus en el partido de Olavarr\u00eda, lo que elevaron a 658 el n\u00famero de pacientes activos.<\/strong><\/p>\n<p>&nbsp;<\/p>\n<blockquote><p><a href=\"https:\/\/cdnoticias.com\/index.php\/2020\/10\/29\/fallecieron-dos-pacientes-de-75-y-79-anos-con-covid-19\/\" target=\"_blank\" rel=\"noopener\">Este jueves se registraron dos muertes de pacientes con Covid19<\/a>. Ya son 67 los fallecimientos desde el inicio de la pandemia<\/p><\/blockquote>\n<p>&nbsp;<\/p>\n<p>En el detalle emitido en la tarde de esta jornada desde el \u00e1rea de comunicaci\u00f3n municipal se narr\u00f3 que, a la par, <strong>93 pacientes recibieron el alta y que resultaron negativos 104 testeos.<\/strong><\/p>\n<p>&nbsp;<\/p>\n<p><img data-recalc-dims=\"1\" loading=\"lazy\" decoding=\"async\" class=\"alignnone size-large wp-image-5201\" src=\"https:\/\/i0.wp.com\/cdnoticias.com\/wp-content\/uploads\/2020\/10\/parte-20.jpg?resize=800%2C404&#038;ssl=1\" alt=\"\" width=\"800\" height=\"404\" srcset=\"https:\/\/i0.wp.com\/cdnoticias.com\/wp-content\/uploads\/2020\/10\/parte-20.jpg?resize=1024%2C517&amp;ssl=1 1024w, https:\/\/i0.wp.com\/cdnoticias.com\/wp-content\/uploads\/2020\/10\/parte-20.jpg?resize=300%2C151&amp;ssl=1 300w, https:\/\/i0.wp.com\/cdnoticias.com\/wp-content\/uploads\/2020\/10\/parte-20.jpg?resize=768%2C388&amp;ssl=1 768w, https:\/\/i0.wp.com\/cdnoticias.com\/wp-content\/uploads\/2020\/10\/parte-20.jpg?w=1159&amp;ssl=1 1159w\" sizes=\"auto, (max-width: 800px) 100vw, 800px\" \/><\/p>\n<p>&nbsp;<\/p>\n<p>Uno de los datos m\u00e1s relevantes es que <strong>28 de los nuevos casos corresponden al operativo RTA (Rastrear, Testar, Aislar) que en las \u00faltimas horas se llev\u00f3 a cabo en las localidades de Loma Negra y Santa Luisa<\/strong>. Vale recordar que en la continuidad de este programa, este viernes se desarrollar\u00e1 de 10 a 11 horas en el CAPS N\u00b0 7 (Pueyrred\u00f3n y Ayacucho) y el s\u00e1bado de 10 a 12 horas en el Paseo de la Salud (Brown y Belgrano).<\/p>\n<p>&nbsp;<\/p>\n<p><img data-recalc-dims=\"1\" loading=\"lazy\" decoding=\"async\" class=\"alignnone size-large wp-image-5202\" src=\"https:\/\/i0.wp.com\/cdnoticias.com\/wp-content\/uploads\/2020\/10\/WhatsApp-Image-2020-10-29-at-19.44.25.jpeg?resize=800%2C800&#038;ssl=1\" alt=\"\" width=\"800\" height=\"800\" srcset=\"https:\/\/i0.wp.com\/cdnoticias.com\/wp-content\/uploads\/2020\/10\/WhatsApp-Image-2020-10-29-at-19.44.25.jpeg?resize=1024%2C1024&amp;ssl=1 1024w, https:\/\/i0.wp.com\/cdnoticias.com\/wp-content\/uploads\/2020\/10\/WhatsApp-Image-2020-10-29-at-19.44.25.jpeg?resize=150%2C150&amp;ssl=1 150w, https:\/\/i0.wp.com\/cdnoticias.com\/wp-content\/uploads\/2020\/10\/WhatsApp-Image-2020-10-29-at-19.44.25.jpeg?resize=300%2C300&amp;ssl=1 300w, https:\/\/i0.wp.com\/cdnoticias.com\/wp-content\/uploads\/2020\/10\/WhatsApp-Image-2020-10-29-at-19.44.25.jpeg?resize=768%2C768&amp;ssl=1 768w, https:\/\/i0.wp.com\/cdnoticias.com\/wp-content\/uploads\/2020\/10\/WhatsApp-Image-2020-10-29-at-19.44.25.jpeg?w=1280&amp;ssl=1 1280w\" sizes=\"auto, (max-width: 800px) 100vw, 800px\" \/><\/p>\n<p>&nbsp;<\/p>\n<p>El resto de los positivos de hoy corresponden a <strong>personal de f\u00e1bricas y comercios locales, a nexos con positivos anteriores y se estudia el nexo epidemiol\u00f3gico del 10% de los casos<\/strong>.<\/p>\n<p>&nbsp;<\/p>\n<p>Sobre el estado actual del Hospital, se indic\u00f3 que <strong>hay once pacientes en Unidad de Terapia Intensiva, veintitr\u00e9s en Cuidados Generales y uno en Pediatr\u00eda<\/strong>. En este sentido, desde la Secretar\u00eda de Salud Municipal aseguraron que el 88% de los casos positivos corresponden a personas con menos de 60 a\u00f1os y el 12% a mayores de 60 a\u00f1os.<\/p>\n","protected":false},"excerpt":{"rendered":"<p>En el informe oficial se detall\u00f3 adem\u00e1s el registro de dos muertes de pacientes con Coronavirus.<\/p>\n","protected":false},"author":3,"featured_media":0,"comment_status":"closed","ping_status":"closed","sticky":false,"template":"","format":"standard","meta":{"_jetpack_memberships_contains_paid_content":false,"footnotes":""},"categories":[5,1],"tags":[],"class_list":["post-5200","post","type-post","status-publish","format-standard","hentry","category-informacion-general","category-portada"],"jetpack_featured_media_url":"","jetpack_sharing_enabled":true,"_links":{"self":[{"href":"https:\/\/cdnoticias.com\/index.php\/wp-json\/wp\/v2\/posts\/5200","targetHints":{"allow":["GET"]}}],"collection":[{"href":"https:\/\/cdnoticias.com\/index.php\/wp-json\/wp\/v2\/posts"}],"about":[{"href":"https:\/\/cdnoticias.com\/index.php\/wp-json\/wp\/v2\/types\/post"}],"author":[{"embeddable":true,"href":"https:\/\/cdnoticias.com\/index.php\/wp-json\/wp\/v2\/users\/3"}],"replies":[{"embeddable":true,"href":"https:\/\/cdnoticias.com\/index.php\/wp-json\/wp\/v2\/comments?post=5200"}],"version-history":[{"count":0,"href":"https:\/\/cdnoticias.com\/index.php\/wp-json\/wp\/v2\/posts\/5200\/revisions"}],"wp:attachment":[{"href":"https:\/\/cdnoticias.com\/index.php\/wp-json\/wp\/v2\/media?parent=5200"}],"wp:term":[{"taxonomy":"category","embeddable":true,"href":"https:\/\/cdnoticias.com\/index.php\/wp-json\/wp\/v2\/categories?post=5200"},{"taxonomy":"post_tag","embeddable":true,"href":"https:\/\/cdnoticias.com\/index.php\/wp-json\/wp\/v2\/tags?post=5200"}],"curies":[{"name":"wp","href":"https:\/\/api.w.org\/{rel}","templated":true}]}}