{"id":520,"date":"2020-09-01T21:31:34","date_gmt":"2020-09-02T00:31:34","guid":{"rendered":"http:\/\/www.centraldenoticias.com.ar\/?p=520"},"modified":"2020-09-01T21:35:40","modified_gmt":"2020-09-02T00:35:40","slug":"hallaron-al-joven-que-era-buscado-en-sierra-chica","status":"publish","type":"post","link":"https:\/\/cdnoticias.com\/index.php\/2020\/09\/01\/hallaron-al-joven-que-era-buscado-en-sierra-chica\/","title":{"rendered":"Hallaron al joven que era buscado en Sierra Chica"},"content":{"rendered":"<p>Sucedi\u00f3 en la noche de este martes gracias a una intensa b\u00fasqueda realizada por personal dependiente de la Estaci\u00f3n de Polic\u00eda Departamental de Olavarr\u00eda.<\/p>\n<hr \/>\n<p>&nbsp;<\/p>\n<p>En la noche de este martes<strong> personal policial de nuestra ciudad logr\u00f3 dar con el paradero del joven 18 a\u00f1os que era intensamente buscado desde el inicio de la jornada<\/strong>, luego que se ausentara de su domicilio en Sierra Chica.<\/p>\n<p>&nbsp;<\/p>\n<p>A partir del conocimiento del hecho se desplegaron importantes tareas de b\u00fasqueda, que fueron llevadas a cabo por personal de seguridad no s\u00f3lo del Destacamento de localidad, sino tambi\u00e9n de las comisar\u00edas Primera y Segunda de nuestra ciudad, adem\u00e1s de las subdependencias de las localidades serranas,<strong> todo bajo la direcci\u00f3n del comisario Roberto Landoni, titular de la Estaci\u00f3n de Polic\u00eda Departamental Olavarr\u00eda.\u00a0<\/strong>Tambi\u00e9n se cont\u00f3 con la colaboraci\u00f3n personal de otras dependencias, tanto de seguridad como del \u00e1mbito municipal.<\/p>\n<p>&nbsp;<\/p>\n<p><img data-recalc-dims=\"1\" loading=\"lazy\" decoding=\"async\" class=\"alignnone size-large wp-image-523\" src=\"https:\/\/i0.wp.com\/cdnoticias.com\/wp-content\/uploads\/2020\/09\/WhatsApp-Image-2020-09-01-at-21.07.28.jpeg?resize=800%2C600&#038;ssl=1\" alt=\"\" width=\"800\" height=\"600\" srcset=\"https:\/\/i0.wp.com\/cdnoticias.com\/wp-content\/uploads\/2020\/09\/WhatsApp-Image-2020-09-01-at-21.07.28.jpeg?resize=1024%2C768&amp;ssl=1 1024w, https:\/\/i0.wp.com\/cdnoticias.com\/wp-content\/uploads\/2020\/09\/WhatsApp-Image-2020-09-01-at-21.07.28.jpeg?resize=300%2C225&amp;ssl=1 300w, https:\/\/i0.wp.com\/cdnoticias.com\/wp-content\/uploads\/2020\/09\/WhatsApp-Image-2020-09-01-at-21.07.28.jpeg?resize=768%2C576&amp;ssl=1 768w, https:\/\/i0.wp.com\/cdnoticias.com\/wp-content\/uploads\/2020\/09\/WhatsApp-Image-2020-09-01-at-21.07.28.jpeg?w=1280&amp;ssl=1 1280w\" sizes=\"auto, (max-width: 800px) 100vw, 800px\" \/><\/p>\n<p>&nbsp;<\/p>\n<p>Entre otras labores, se llev\u00f3 a cabo un relevamiento puerta por puerta y rastrillajes que contaron con la presencia de perros de b\u00fasqueda de la Escuela Canina Olavarr\u00eda. <strong>Las pesquisas contaron con la coordinaci\u00f3n adem\u00e1s de la fiscal\u00eda en turno, la UFI N\u00b0 4 de la doctora Mar\u00eda Paula Serrano.<\/strong><\/p>\n<p>&nbsp;<\/p>\n<p>Afortunadamente, ya en horas de la noche tras varias horas de intensa tareas <strong>el joven pudo ser ubicado en la localidad con buen estado de salud<\/strong>, seg\u00fan coincidieron las fuentes consultadas.<\/p>\n","protected":false},"excerpt":{"rendered":"<p>Sucedi\u00f3 en la noche de este martes gracias a una intensa b\u00fasqueda realizada por personal dependiente de la Estaci\u00f3n de<\/p>\n","protected":false},"author":3,"featured_media":522,"comment_status":"closed","ping_status":"closed","sticky":false,"template":"","format":"standard","meta":{"_jetpack_memberships_contains_paid_content":false,"footnotes":""},"categories":[5,1],"tags":[],"class_list":["post-520","post","type-post","status-publish","format-standard","has-post-thumbnail","hentry","category-informacion-general","category-portada"],"jetpack_featured_media_url":"https:\/\/i0.wp.com\/cdnoticias.com\/wp-content\/uploads\/2020\/09\/busqueda.jpg?fit=1077%2C609&ssl=1","jetpack_sharing_enabled":true,"_links":{"self":[{"href":"https:\/\/cdnoticias.com\/index.php\/wp-json\/wp\/v2\/posts\/520","targetHints":{"allow":["GET"]}}],"collection":[{"href":"https:\/\/cdnoticias.com\/index.php\/wp-json\/wp\/v2\/posts"}],"about":[{"href":"https:\/\/cdnoticias.com\/index.php\/wp-json\/wp\/v2\/types\/post"}],"author":[{"embeddable":true,"href":"https:\/\/cdnoticias.com\/index.php\/wp-json\/wp\/v2\/users\/3"}],"replies":[{"embeddable":true,"href":"https:\/\/cdnoticias.com\/index.php\/wp-json\/wp\/v2\/comments?post=520"}],"version-history":[{"count":0,"href":"https:\/\/cdnoticias.com\/index.php\/wp-json\/wp\/v2\/posts\/520\/revisions"}],"wp:featuredmedia":[{"embeddable":true,"href":"https:\/\/cdnoticias.com\/index.php\/wp-json\/wp\/v2\/media\/522"}],"wp:attachment":[{"href":"https:\/\/cdnoticias.com\/index.php\/wp-json\/wp\/v2\/media?parent=520"}],"wp:term":[{"taxonomy":"category","embeddable":true,"href":"https:\/\/cdnoticias.com\/index.php\/wp-json\/wp\/v2\/categories?post=520"},{"taxonomy":"post_tag","embeddable":true,"href":"https:\/\/cdnoticias.com\/index.php\/wp-json\/wp\/v2\/tags?post=520"}],"curies":[{"name":"wp","href":"https:\/\/api.w.org\/{rel}","templated":true}]}}