{"id":51994,"date":"2022-04-19T08:01:39","date_gmt":"2022-04-19T11:01:39","guid":{"rendered":"https:\/\/www.centraldenoticias.com.ar\/?p=51994"},"modified":"2022-04-19T08:16:31","modified_gmt":"2022-04-19T11:16:31","slug":"coopelectric-anuncio-dos-interrupciones-del-servicio-electrico-por-tareas-de-mantenimiento-2","status":"publish","type":"post","link":"https:\/\/cdnoticias.com\/index.php\/2022\/04\/19\/coopelectric-anuncio-dos-interrupciones-del-servicio-electrico-por-tareas-de-mantenimiento-2\/","title":{"rendered":"Coopelectric anunci\u00f3 dos interrupciones del servicio el\u00e9ctrico por tareas de mantenimiento"},"content":{"rendered":"<p>Ser\u00e1 este martes 19 de abril en el horario comprendido entre las <span lang=\"ES\">8:30 y las 10:30. <\/span><!--more--><\/p>\n<hr \/>\n<p>&nbsp;<\/p>\n<p><strong>Coopelectric<\/strong>\u00a0inform\u00f3 que se\u00a0<strong>realizar\u00e1n dos interrupciones de servicio el\u00e9ctrico por tareas de mantenimiento este martes 19 <\/strong>en el horario comprendido<strong> entre las 8:30 y las 10:30.<\/strong><\/p>\n<p>&nbsp;<\/p>\n<p>El primer sector incluye las<strong> calles C. Larralde &#8211; San Martin &#8211; Jun\u00edn &#8211; Buchardo<\/strong> mientras que el otro sector afectado ser\u00e1 el <strong>Barrio Pikelado.<\/strong><\/p>\n<p>&nbsp;<\/p>\n<p>Se aclar\u00f3 que\u00a0<strong>en caso de condiciones clim\u00e1ticas adversas, las tareas ser\u00e1n reprogramadas.<\/strong><\/p>\n","protected":false},"excerpt":{"rendered":"<p>Ser\u00e1 este martes 19 de abril en el horario comprendido entre las 8:30 y las 10:30.<\/p>\n","protected":false},"author":6,"featured_media":12971,"comment_status":"closed","ping_status":"closed","sticky":false,"template":"","format":"standard","meta":{"_jetpack_memberships_contains_paid_content":false,"footnotes":""},"categories":[5,1],"tags":[],"class_list":["post-51994","post","type-post","status-publish","format-standard","has-post-thumbnail","hentry","category-informacion-general","category-portada"],"jetpack_featured_media_url":"https:\/\/i0.wp.com\/cdnoticias.com\/wp-content\/uploads\/2021\/02\/Nueva-SET-Villa-Aurora-03.jpg?fit=1024%2C768&ssl=1","jetpack_sharing_enabled":true,"_links":{"self":[{"href":"https:\/\/cdnoticias.com\/index.php\/wp-json\/wp\/v2\/posts\/51994","targetHints":{"allow":["GET"]}}],"collection":[{"href":"https:\/\/cdnoticias.com\/index.php\/wp-json\/wp\/v2\/posts"}],"about":[{"href":"https:\/\/cdnoticias.com\/index.php\/wp-json\/wp\/v2\/types\/post"}],"author":[{"embeddable":true,"href":"https:\/\/cdnoticias.com\/index.php\/wp-json\/wp\/v2\/users\/6"}],"replies":[{"embeddable":true,"href":"https:\/\/cdnoticias.com\/index.php\/wp-json\/wp\/v2\/comments?post=51994"}],"version-history":[{"count":0,"href":"https:\/\/cdnoticias.com\/index.php\/wp-json\/wp\/v2\/posts\/51994\/revisions"}],"wp:featuredmedia":[{"embeddable":true,"href":"https:\/\/cdnoticias.com\/index.php\/wp-json\/wp\/v2\/media\/12971"}],"wp:attachment":[{"href":"https:\/\/cdnoticias.com\/index.php\/wp-json\/wp\/v2\/media?parent=51994"}],"wp:term":[{"taxonomy":"category","embeddable":true,"href":"https:\/\/cdnoticias.com\/index.php\/wp-json\/wp\/v2\/categories?post=51994"},{"taxonomy":"post_tag","embeddable":true,"href":"https:\/\/cdnoticias.com\/index.php\/wp-json\/wp\/v2\/tags?post=51994"}],"curies":[{"name":"wp","href":"https:\/\/api.w.org\/{rel}","templated":true}]}}