{"id":51991,"date":"2022-04-22T09:46:41","date_gmt":"2022-04-22T12:46:41","guid":{"rendered":"https:\/\/www.centraldenoticias.com.ar\/?p=51991"},"modified":"2022-04-22T09:46:41","modified_gmt":"2022-04-22T12:46:41","slug":"la-muestra-submarofilia-submarinos-imposibles-estara-en-el-museo-damaso-arce","status":"publish","type":"post","link":"https:\/\/cdnoticias.com\/index.php\/2022\/04\/22\/la-muestra-submarofilia-submarinos-imposibles-estara-en-el-museo-damaso-arce\/","title":{"rendered":"La muestra &#8220;Submarofilia, Submarinos Imposibles &#8221; estar\u00e1 en el Museo D\u00e1maso Arce"},"content":{"rendered":"<p>La muestra estar\u00e1 a partir del s\u00e1bado 23 a las 18:00 y permanecer\u00e1 en exposici\u00f3n hasta el 29 de mayo inclusive.<!--more--><\/p>\n<hr \/>\n<p>&nbsp;<\/p>\n<p>Una nueva propuesta llega al <strong>Museo D\u00e1maso Arce <\/strong>y se trata de una muestra de<strong> r\u00e9plicas de submarinos en cer\u00e1mica.<\/strong> Las obras fueron realizadas por el artista <strong>Jos\u00e9 R. \u00abChacho\u00bb Pagnutti.<\/strong><\/p>\n<p>&nbsp;<\/p>\n<p>La muestra s<strong>er\u00e1 inaugurada este s\u00e1bado 23 de abril a las 18:00 <\/strong>y permanecer\u00e1 en exposici\u00f3n hasta el <strong>29 de mayo inclusive.<\/strong><\/p>\n<p>&nbsp;<\/p>\n<p>En el marco de la exposici\u00f3n denominada <strong>\u201cSubmarofilia, Submarinos Imposibles\u201d<\/strong> se realizar\u00e1 un <strong>homenaje muy especial al Capit\u00e1n de Corbeta Diego Manuel Wagner, tripulante del ARA San Juan.<\/strong><\/p>\n<p>&nbsp;<\/p>\n<p><img data-recalc-dims=\"1\" loading=\"lazy\" decoding=\"async\" class=\"aligncenter wp-image-52031\" src=\"https:\/\/i0.wp.com\/cdnoticias.com\/wp-content\/uploads\/2022\/04\/muestra-submarinos.jpg?resize=450%2C450&#038;ssl=1\" alt=\"\" width=\"450\" height=\"450\" srcset=\"https:\/\/i0.wp.com\/cdnoticias.com\/wp-content\/uploads\/2022\/04\/muestra-submarinos.jpg?resize=1024%2C1024&amp;ssl=1 1024w, https:\/\/i0.wp.com\/cdnoticias.com\/wp-content\/uploads\/2022\/04\/muestra-submarinos.jpg?resize=300%2C300&amp;ssl=1 300w, https:\/\/i0.wp.com\/cdnoticias.com\/wp-content\/uploads\/2022\/04\/muestra-submarinos.jpg?resize=150%2C150&amp;ssl=1 150w, https:\/\/i0.wp.com\/cdnoticias.com\/wp-content\/uploads\/2022\/04\/muestra-submarinos.jpg?resize=768%2C768&amp;ssl=1 768w, https:\/\/i0.wp.com\/cdnoticias.com\/wp-content\/uploads\/2022\/04\/muestra-submarinos.jpg?w=1201&amp;ssl=1 1201w\" sizes=\"auto, (max-width: 450px) 100vw, 450px\" \/><\/p>\n<p>&nbsp;<\/p>\n<p><strong>Proyecto Submarofilia<\/strong><\/p>\n<p>Los <strong>submarinos se originan como una mirada disparada a partir del episodio tr\u00e1gico del ARA San Juan<\/strong>, pero en general trata de echar un ojo a aquellas cosas que pasan, de las que no hemos participado pero que sin embargo tenemos alg\u00fan grado de responsabilidad sobre ellas. Cuando se trata de crisis, aumentos, desfalcos y otros delitos comunes, nos indignamos y seguimos para adelante. Cuando los hechos son estas <strong>muertes absurdas, antes y despu\u00e9s de este episodio del ARA<\/strong> -porque van a continuar las muertes absurdas- , <strong>la cosa es m\u00e1s grave y nos pesa. <\/strong>La idea es un conjunto de objetos que \u2018ser\u00edan\u2019 submarinos, con una mirada en principio naif, tratados de modo que se convierten en in\u00fatiles para su fin. A veces, de apariencia zoomorfa.<\/p>\n<p>&nbsp;<\/p>\n<p><strong>Sobre el artista<\/strong><\/p>\n<p>&nbsp;<\/p>\n<p><strong>Jos\u00e9 R. \u00abChacho\u00bb Pagnutti estudi\u00f3 arquitectura en UBA<\/strong> y ejerci\u00f3 la profesi\u00f3n hasta 2001 donde inici\u00f3 la carrera de docente en \u00e1rea de arte entre 1989 y 2017. Desde 2010 desempe\u00f1a la producci\u00f3n y la ense\u00f1anza de<strong> t\u00e9cnicas manuales de cer\u00e1mica en su taller<\/strong> \u00abKu.F\/arteyfuego\u00bb. Desde all\u00ed, busca orientar en las t\u00e9cnicas b\u00e1sicas, para lograr una base y, a partir de ella, generar un proyecto o lenguaje personal con el\/ la asistente al taller. Cree en el desarrollo de estilos propios, que superen los estereotipos del comercio, y que saque a la luz las cualidades del material, en el arte y la cultura como una din\u00e1mica comunitaria, capaz de transformar realidades individuales o grupales.<\/p>\n<p>&nbsp;<\/p>\n<p>El Museo se encuentra abierto de <strong>martes a viernes de 9:00 a 12:00 y de 14:00 a 19:00 s\u00e1bados, domingos y feriados de 15:00 a 19:00. <\/strong>La <strong>entrada es libre y gratuita<\/strong> y los interesados en realizar visitas guiadas deber\u00e1n comunicarse al tel\u00e9fono: 2284505744.<\/p>\n","protected":false},"excerpt":{"rendered":"<p>La muestra estar\u00e1 a partir del s\u00e1bado 23 a las 18:00 y permanecer\u00e1 en exposici\u00f3n hasta el 29 de mayo<\/p>\n","protected":false},"author":6,"featured_media":51992,"comment_status":"closed","ping_status":"closed","sticky":false,"template":"","format":"standard","meta":{"_jetpack_memberships_contains_paid_content":false,"footnotes":""},"categories":[9,1],"tags":[],"class_list":["post-51991","post","type-post","status-publish","format-standard","has-post-thumbnail","hentry","category-cultura","category-portada"],"jetpack_featured_media_url":"https:\/\/i0.wp.com\/cdnoticias.com\/wp-content\/uploads\/2022\/04\/Cultura-Submarofilia-Submarinos-Imposibles-1024x682-1.jpg?fit=1024%2C682&ssl=1","jetpack_sharing_enabled":true,"_links":{"self":[{"href":"https:\/\/cdnoticias.com\/index.php\/wp-json\/wp\/v2\/posts\/51991","targetHints":{"allow":["GET"]}}],"collection":[{"href":"https:\/\/cdnoticias.com\/index.php\/wp-json\/wp\/v2\/posts"}],"about":[{"href":"https:\/\/cdnoticias.com\/index.php\/wp-json\/wp\/v2\/types\/post"}],"author":[{"embeddable":true,"href":"https:\/\/cdnoticias.com\/index.php\/wp-json\/wp\/v2\/users\/6"}],"replies":[{"embeddable":true,"href":"https:\/\/cdnoticias.com\/index.php\/wp-json\/wp\/v2\/comments?post=51991"}],"version-history":[{"count":0,"href":"https:\/\/cdnoticias.com\/index.php\/wp-json\/wp\/v2\/posts\/51991\/revisions"}],"wp:featuredmedia":[{"embeddable":true,"href":"https:\/\/cdnoticias.com\/index.php\/wp-json\/wp\/v2\/media\/51992"}],"wp:attachment":[{"href":"https:\/\/cdnoticias.com\/index.php\/wp-json\/wp\/v2\/media?parent=51991"}],"wp:term":[{"taxonomy":"category","embeddable":true,"href":"https:\/\/cdnoticias.com\/index.php\/wp-json\/wp\/v2\/categories?post=51991"},{"taxonomy":"post_tag","embeddable":true,"href":"https:\/\/cdnoticias.com\/index.php\/wp-json\/wp\/v2\/tags?post=51991"}],"curies":[{"name":"wp","href":"https:\/\/api.w.org\/{rel}","templated":true}]}}