{"id":5198,"date":"2020-10-29T19:58:21","date_gmt":"2020-10-29T22:58:21","guid":{"rendered":"http:\/\/www.centraldenoticias.com.ar\/?p=5198"},"modified":"2020-10-29T19:58:55","modified_gmt":"2020-10-29T22:58:55","slug":"fallecieron-dos-pacientes-de-75-y-79-anos-con-covid-19","status":"publish","type":"post","link":"https:\/\/cdnoticias.com\/index.php\/2020\/10\/29\/fallecieron-dos-pacientes-de-75-y-79-anos-con-covid-19\/","title":{"rendered":"Fallecieron dos pacientes de 75 y 79 a\u00f1os con Covid-19"},"content":{"rendered":"<p>As\u00ed fue informado en el parte diario emitido por el Gobierno Municipal. A la par, se registraron 118 casos positivos y hubo 93 pacientes curados.<!--more--><\/p>\n<hr \/>\n<p>Este jueves la secretar\u00eda de Salud del Gobierno Municipal inform\u00f3 que <strong>fallecieron dos pacientes que hab\u00edan resultado positivo para Covid-19.<\/strong><\/p>\n<p>&nbsp;<\/p>\n<p>Seg\u00fan se indic\u00f3, <strong>una de las pacientes de sexo femenino ten\u00eda 79 a\u00f1os con comorbilidades previas<\/strong> y estaba internada en Cl\u00ednica Covid del Hospital Municipal \u201cDr. H\u00e9ctor Cura\u201d desde el 25 de octubre pasado.<\/p>\n<p>&nbsp;<\/p>\n<p>Asimismo, <strong>el otro paciente de sexo masculino ten\u00eda 75 a\u00f1os, tambi\u00e9n presentaba comorbilidades<\/strong> y estaba internado en Cl\u00ednica Covid del nosocomio local desde el 26 de octubre.<\/p>\n<p>&nbsp;<\/p>\n<p>El intendente Ezequiel Galli y la Municipalidad de Olavarr\u00eda enviaron condolencias a los familiares y amigos de las personas fallecidas.<\/p>\n<p>&nbsp;<\/p>\n<p>Por otra parte, durante la jornada<a href=\"https:\/\/cdnoticias.com\/index.php\/2020\/10\/29\/covid19-se-detectaron-118-nuevos-casos-28-en-el-rta-en-loma-negra-y-santa-luisa\/\" target=\"_blank\" rel=\"noopener\"> se registraron 118 nuevos casos positivos y hubo 93 pacientes curados.<\/a> De esta forma, el n\u00famero positivos activos en Olavarr\u00eda asciende a 658.<\/p>\n","protected":false},"excerpt":{"rendered":"<p>As\u00ed fue informado en el parte diario emitido por el Gobierno Municipal. A la par, se registraron 118 casos positivos<\/p>\n","protected":false},"author":2,"featured_media":1549,"comment_status":"closed","ping_status":"closed","sticky":false,"template":"","format":"standard","meta":{"_jetpack_memberships_contains_paid_content":false,"footnotes":""},"categories":[5,1],"tags":[],"class_list":["post-5198","post","type-post","status-publish","format-standard","has-post-thumbnail","hentry","category-informacion-general","category-portada"],"jetpack_featured_media_url":"https:\/\/i0.wp.com\/cdnoticias.com\/wp-content\/uploads\/2020\/09\/HospitalMunicipal04.jpg?fit=4608%2C3072&ssl=1","jetpack_sharing_enabled":true,"_links":{"self":[{"href":"https:\/\/cdnoticias.com\/index.php\/wp-json\/wp\/v2\/posts\/5198","targetHints":{"allow":["GET"]}}],"collection":[{"href":"https:\/\/cdnoticias.com\/index.php\/wp-json\/wp\/v2\/posts"}],"about":[{"href":"https:\/\/cdnoticias.com\/index.php\/wp-json\/wp\/v2\/types\/post"}],"author":[{"embeddable":true,"href":"https:\/\/cdnoticias.com\/index.php\/wp-json\/wp\/v2\/users\/2"}],"replies":[{"embeddable":true,"href":"https:\/\/cdnoticias.com\/index.php\/wp-json\/wp\/v2\/comments?post=5198"}],"version-history":[{"count":0,"href":"https:\/\/cdnoticias.com\/index.php\/wp-json\/wp\/v2\/posts\/5198\/revisions"}],"wp:featuredmedia":[{"embeddable":true,"href":"https:\/\/cdnoticias.com\/index.php\/wp-json\/wp\/v2\/media\/1549"}],"wp:attachment":[{"href":"https:\/\/cdnoticias.com\/index.php\/wp-json\/wp\/v2\/media?parent=5198"}],"wp:term":[{"taxonomy":"category","embeddable":true,"href":"https:\/\/cdnoticias.com\/index.php\/wp-json\/wp\/v2\/categories?post=5198"},{"taxonomy":"post_tag","embeddable":true,"href":"https:\/\/cdnoticias.com\/index.php\/wp-json\/wp\/v2\/tags?post=5198"}],"curies":[{"name":"wp","href":"https:\/\/api.w.org\/{rel}","templated":true}]}}