{"id":51955,"date":"2022-04-18T12:27:25","date_gmt":"2022-04-18T15:27:25","guid":{"rendered":"https:\/\/www.centraldenoticias.com.ar\/?p=51955"},"modified":"2022-04-18T12:27:25","modified_gmt":"2022-04-18T15:27:25","slug":"eduardo-rodriguez-celebro-la-convalidacion-de-la-ampliacion-de-la-planta-urbana","status":"publish","type":"post","link":"https:\/\/cdnoticias.com\/index.php\/2022\/04\/18\/eduardo-rodriguez-celebro-la-convalidacion-de-la-ampliacion-de-la-planta-urbana\/","title":{"rendered":"Eduardo Rodr\u00edguez celebr\u00f3 la convalidaci\u00f3n de la ampliaci\u00f3n de la planta urbana"},"content":{"rendered":"<p>Permitir\u00e1 implementar una ordenanza de su autor\u00eda con el cobro de una tasa para que el Municipio disponga de lotes para vivienda social.<!--more--><\/p>\n<hr \/>\n<p>Eduardo Rodr\u00edguez, referente del Foro Olavarr\u00eda &#8211; Frente Renovador, celebr\u00f3 la<a href=\"https:\/\/cdnoticias.com\/index.php\/2022\/04\/18\/convalidan-la-ordenanza-que-permite-la-ampliacion-de-la-planta-urbana\/\" target=\"_blank\" rel=\"noopener\"> convalidaci\u00f3n del gobierno de la Provincia para la ampliaci\u00f3n del \u00e1rea urbana<\/a> y el \u00e1rea complementaria en los bordes noroeste, sur y sudeste de la localidad de Olavarr\u00eda.<\/p>\n<p>&nbsp;<\/p>\n<p>\u201c<strong>Celebramos la convalidaci\u00f3n de provincia de la ampliaci\u00f3n de la planta urbana.<\/strong> Es una gran noticia para Olavarr\u00eda que permitir\u00e1 avanzar en la subdivisi\u00f3n de nuevas tierras para viviendas\u201d, se\u00f1al\u00f3.<\/p>\n<p>&nbsp;<\/p>\n<p>A su vez, Rodr\u00edguez destac\u00f3 que la ampliaci\u00f3n de la planta urbana<strong> permitir\u00e1 implementar una Ordenanza de su autor\u00eda con el cobro de una Tasa sobre renta diferencial urbana que le asegurar\u00e1 al Municipio la disponibilidad de lotes para vivienda social.<\/strong><\/p>\n<p>&nbsp;<\/p>\n<p>Desde el espacio destacaron que la ampliaci\u00f3n de la planta urbana fue trabajada en la gesti\u00f3n del ex intendente Jos\u00e9 Eseverri, sancionada en el a\u00f1o 2014 y reformada en 2016 con la finalidad de incorporar nuevos lotes de tierras para avanzar en la urbanizaci\u00f3n de Olavarr\u00eda.<\/p>\n<p>&nbsp;<\/p>\n<p>La Convalidaci\u00f3n por parte de la Provincia habilita a los propietarios a presentar proyectos de subdivisi\u00f3n, los cuales son analizados por la Direcciones de Planeamiento dependiente de la Secretar\u00eda de Mantenimiento y Obras P\u00fablicas.<\/p>\n","protected":false},"excerpt":{"rendered":"<p>Permitir\u00e1 implementar una ordenanza de su autor\u00eda con el cobro de una tasa para que el Municipio disponga de lotes<\/p>\n","protected":false},"author":5,"featured_media":51191,"comment_status":"closed","ping_status":"closed","sticky":false,"template":"","format":"standard","meta":{"_jetpack_memberships_contains_paid_content":false,"footnotes":""},"categories":[5,1],"tags":[],"class_list":["post-51955","post","type-post","status-publish","format-standard","has-post-thumbnail","hentry","category-informacion-general","category-portada"],"jetpack_featured_media_url":"https:\/\/i0.wp.com\/cdnoticias.com\/wp-content\/uploads\/2022\/04\/acto-potenciar-trabajo-Eduardo-Rodriguez1.jpg?fit=1000%2C556&ssl=1","jetpack_sharing_enabled":true,"_links":{"self":[{"href":"https:\/\/cdnoticias.com\/index.php\/wp-json\/wp\/v2\/posts\/51955","targetHints":{"allow":["GET"]}}],"collection":[{"href":"https:\/\/cdnoticias.com\/index.php\/wp-json\/wp\/v2\/posts"}],"about":[{"href":"https:\/\/cdnoticias.com\/index.php\/wp-json\/wp\/v2\/types\/post"}],"author":[{"embeddable":true,"href":"https:\/\/cdnoticias.com\/index.php\/wp-json\/wp\/v2\/users\/5"}],"replies":[{"embeddable":true,"href":"https:\/\/cdnoticias.com\/index.php\/wp-json\/wp\/v2\/comments?post=51955"}],"version-history":[{"count":0,"href":"https:\/\/cdnoticias.com\/index.php\/wp-json\/wp\/v2\/posts\/51955\/revisions"}],"wp:featuredmedia":[{"embeddable":true,"href":"https:\/\/cdnoticias.com\/index.php\/wp-json\/wp\/v2\/media\/51191"}],"wp:attachment":[{"href":"https:\/\/cdnoticias.com\/index.php\/wp-json\/wp\/v2\/media?parent=51955"}],"wp:term":[{"taxonomy":"category","embeddable":true,"href":"https:\/\/cdnoticias.com\/index.php\/wp-json\/wp\/v2\/categories?post=51955"},{"taxonomy":"post_tag","embeddable":true,"href":"https:\/\/cdnoticias.com\/index.php\/wp-json\/wp\/v2\/tags?post=51955"}],"curies":[{"name":"wp","href":"https:\/\/api.w.org\/{rel}","templated":true}]}}