{"id":51954,"date":"2022-04-21T11:24:49","date_gmt":"2022-04-21T14:24:49","guid":{"rendered":"https:\/\/www.centraldenoticias.com.ar\/?p=51954"},"modified":"2022-04-21T14:21:43","modified_gmt":"2022-04-21T17:21:43","slug":"se-abrio-el-concurso-publico-para-la-explotacion-del-balneario-de-colonia-san-miguel","status":"publish","type":"post","link":"https:\/\/cdnoticias.com\/index.php\/2022\/04\/21\/se-abrio-el-concurso-publico-para-la-explotacion-del-balneario-de-colonia-san-miguel\/","title":{"rendered":"Se abri\u00f3 el concurso p\u00fablico para la explotaci\u00f3n del Balneario de Colonia San Miguel"},"content":{"rendered":"<p>Hasta el viernes se entregan pliegos y la semana pr\u00f3xima se abrir\u00e1n las ofertas.<!--more--><\/p>\n<hr \/>\n<p><strong>El Municipio dio a conocer la apertura del concurso p\u00fablico para la &#8220;Explotaci\u00f3n del complejo tur\u00edstico recreativo de Colonia San Miguel&#8221;<\/strong>. Se trata del balneario de la localidad, cuya concesi\u00f3n finaliz\u00f3 el mes pasado despu\u00e9s de que <a href=\"https:\/\/cdnoticias.com\/index.php\/2022\/03\/29\/pedro-schneider-es-una-lastima-que-esto-quede-en-el-abandono\/\" target=\"_blank\" rel=\"noopener\">el hasta entonces titular decidiera renunciar con quejas contra la gesti\u00f3n municipal<\/a>.<\/p>\n<p>&nbsp;<\/p>\n<p>Hasta el viernes 22 de abril se entregan pliegos a los interesados y<strong> la apertura de ofertas se program\u00f3 para el mi\u00e9rcoles 27 de abril<\/strong> a las 12 en la sede del Palacio San Mart\u00edn.<\/p>\n<p>&nbsp;<\/p>\n<p>Se prev\u00e9 la concesi\u00f3n del complejo ubicado en Los Patricios 362 de Colonia San Miguel <strong>por el plazo de dos a\u00f1os desde el inicio de la posesi\u00f3n<\/strong> por parte del adjudicatario.<\/p>\n<p>&nbsp;<\/p>\n<blockquote><p>Los proponentes deber\u00e1n ofrecer un valor de entrada al predio, y en ello residir\u00e1 centralmente la competencia por el concurso municipal. Cada oferente deber\u00e1 describir &#8220;el destino y modalidad de explotaci\u00f3n del predio, detallando actiidades y servicios a ofrecer&#8221; entre los que se consideran &#8220;servicios de cantina, fogones, ba\u00f1os, vestuarios y actividades recreativas&#8221;.<\/p><\/blockquote>\n<p>&nbsp;<\/p>\n<p><img data-recalc-dims=\"1\" loading=\"lazy\" decoding=\"async\" class=\"size-full wp-image-50281 aligncenter\" src=\"https:\/\/i0.wp.com\/cdnoticias.com\/wp-content\/uploads\/2022\/03\/colonia-san-miguel-balneario-02.jpg?resize=800%2C445&#038;ssl=1\" alt=\"\" width=\"800\" height=\"445\" srcset=\"https:\/\/i0.wp.com\/cdnoticias.com\/wp-content\/uploads\/2022\/03\/colonia-san-miguel-balneario-02.jpg?w=800&amp;ssl=1 800w, https:\/\/i0.wp.com\/cdnoticias.com\/wp-content\/uploads\/2022\/03\/colonia-san-miguel-balneario-02.jpg?resize=300%2C167&amp;ssl=1 300w, https:\/\/i0.wp.com\/cdnoticias.com\/wp-content\/uploads\/2022\/03\/colonia-san-miguel-balneario-02.jpg?resize=768%2C427&amp;ssl=1 768w\" sizes=\"auto, (max-width: 800px) 100vw, 800px\" \/><\/p>\n<p>&nbsp;<\/p>\n<p><strong>C\u00f3mo es la concesi\u00f3n<\/strong><\/p>\n<p>&nbsp;<\/p>\n<p><strong>La explotaci\u00f3n comercial del lugar se determin\u00f3 seg\u00fan la temporada.<\/strong> En per\u00edodos de mayor demanda tur\u00edstica (vacaciones de verano e invierno, y fines de semana largos) deber\u00e1 efectuarse de lunes a domingo &#8220;en horario que garantice la correcta prestaci\u00f3n de los servicios ofrecidos&#8221;, se indica en el pliego. En los meses del a\u00f1o restantes, los d\u00edas y horarios de atenci\u00f3n deber\u00e1n ser fijados por el concesionario.<\/p>\n<p>&nbsp;<\/p>\n<p><strong>Como contraprestaci\u00f3n por el mantenimiento del predio y de las instalaciones se fijar\u00e1 un valor de entrada<\/strong> para el acceso al predio y uso de las instalaciones, el cual deber\u00e1 encontrarse publicado a la vista en la entrada del lugar. En el caso de <strong>veh\u00edculos<\/strong>, podr\u00e1 establecerse una tarifa diferenciada seg\u00fan tipo de veh\u00edculos. Asimismo el concesionario podr\u00e1 fijar una tarifa para el <strong>alquiler de fogones, sombrillas, uso de tomacorrientes, y otros servicios disponibles.<\/strong> Se deja en claro que <strong>&#8220;en todos los casos la tarifa deber\u00e1 ser razonable y no implicar ning\u00fan tipo de discriminaci\u00f3n ni restricci\u00f3n para el acceso de los particulares&#8221;.<\/strong><\/p>\n<p>&nbsp;<\/p>\n<p>En cuanto al mantenimiento del predio, <strong>el corte de pasto estar\u00e1 a cargo del Municipio<\/strong>, mientras que las tareas de fumigaci\u00f3n, poda de \u00e1rboles y jardiner\u00eda estar\u00e1n a cargo del concesionario.<\/p>\n<p>&nbsp;<\/p>\n<p>No podr\u00e1n presentarse en este concurso de precios los <em>deudores de la administraci\u00f3n municipal, los agentes, empleados o funcionarios municipales, ni sus familiares<\/em>.<\/p>\n<p>&nbsp;<\/p>\n<p><img data-recalc-dims=\"1\" loading=\"lazy\" decoding=\"async\" class=\"size-full wp-image-50283 aligncenter\" src=\"https:\/\/i0.wp.com\/cdnoticias.com\/wp-content\/uploads\/2022\/03\/colonia-san-miguel-balneario-00.jpg?resize=800%2C445&#038;ssl=1\" alt=\"\" width=\"800\" height=\"445\" srcset=\"https:\/\/i0.wp.com\/cdnoticias.com\/wp-content\/uploads\/2022\/03\/colonia-san-miguel-balneario-00.jpg?w=800&amp;ssl=1 800w, https:\/\/i0.wp.com\/cdnoticias.com\/wp-content\/uploads\/2022\/03\/colonia-san-miguel-balneario-00.jpg?resize=300%2C167&amp;ssl=1 300w, https:\/\/i0.wp.com\/cdnoticias.com\/wp-content\/uploads\/2022\/03\/colonia-san-miguel-balneario-00.jpg?resize=768%2C427&amp;ssl=1 768w\" sizes=\"auto, (max-width: 800px) 100vw, 800px\" \/><\/p>\n<p>&nbsp;<\/p>\n<p><strong>Obligaciones y prohibiciones<\/strong><\/p>\n<p>&nbsp;<\/p>\n<p>En el mismo pliego se establecieron tambi\u00e9n las<strong> obligaciones del concesionario<\/strong>, entre las que se cuentan &#8220;un trato correcto en la atenci\u00f3n al p\u00fablico y personal municipal&#8221; y <strong>&#8220;contar con guardavidas diplomado en caso de habilitar el Balneario para su explotaci\u00f3n&#8221;<\/strong>.<\/p>\n<p>&nbsp;<\/p>\n<p>En este \u00faltimo punto, vale aclarar que <strong>hace al menos cuatro a\u00f1os que el Municipio no habilita el uso del espejo de agua del arroyo Nievas<\/strong> y se argument\u00f3 que est\u00e1 contaminado.<\/p>\n<p>&nbsp;<\/p>\n<p>Tambi\u00e9n entre las obligaciones se cuentan <strong>&#8220;mantener en perfectas condiciones de higiene y limpieza&#8221;<\/strong>, &#8220;contratar una empresa de<strong> servicios m\u00e9dicos de emergencia<\/strong>&#8220;, y &#8220;no podr\u00e1 realizar reformas, mejoras u otras obras complementarias en la estructura (&#8230;) sin autorizaci\u00f3n expresa del Municipio&#8221;. En contra partida, s\u00ed <strong>se permite &#8220;incorporar publicidad est\u00e1tica<\/strong> dentro del sector, pudiendo colocar letreros, los cuales previamente deber\u00e1n ser autorizados en su texto y dimensiones por el Municipio&#8221;. Finalmente, en el mismo pliego <strong>se fij\u00f3 la prohibici\u00f3n de venta de bebidas alcoh\u00f3licas al p\u00fablico<\/strong> dentro del balneario.<\/p>\n","protected":false},"excerpt":{"rendered":"<p>Hasta el viernes se entregan pliegos y la semana pr\u00f3xima se abrir\u00e1n las ofertas.<\/p>\n","protected":false},"author":4,"featured_media":50280,"comment_status":"closed","ping_status":"closed","sticky":false,"template":"","format":"standard","meta":{"_jetpack_memberships_contains_paid_content":false,"footnotes":""},"categories":[5,1],"tags":[],"class_list":["post-51954","post","type-post","status-publish","format-standard","has-post-thumbnail","hentry","category-informacion-general","category-portada"],"jetpack_featured_media_url":"https:\/\/i0.wp.com\/cdnoticias.com\/wp-content\/uploads\/2022\/03\/colonia-san-miguel-balneario-01.jpg?fit=800%2C445&ssl=1","jetpack_sharing_enabled":true,"_links":{"self":[{"href":"https:\/\/cdnoticias.com\/index.php\/wp-json\/wp\/v2\/posts\/51954","targetHints":{"allow":["GET"]}}],"collection":[{"href":"https:\/\/cdnoticias.com\/index.php\/wp-json\/wp\/v2\/posts"}],"about":[{"href":"https:\/\/cdnoticias.com\/index.php\/wp-json\/wp\/v2\/types\/post"}],"author":[{"embeddable":true,"href":"https:\/\/cdnoticias.com\/index.php\/wp-json\/wp\/v2\/users\/4"}],"replies":[{"embeddable":true,"href":"https:\/\/cdnoticias.com\/index.php\/wp-json\/wp\/v2\/comments?post=51954"}],"version-history":[{"count":0,"href":"https:\/\/cdnoticias.com\/index.php\/wp-json\/wp\/v2\/posts\/51954\/revisions"}],"wp:featuredmedia":[{"embeddable":true,"href":"https:\/\/cdnoticias.com\/index.php\/wp-json\/wp\/v2\/media\/50280"}],"wp:attachment":[{"href":"https:\/\/cdnoticias.com\/index.php\/wp-json\/wp\/v2\/media?parent=51954"}],"wp:term":[{"taxonomy":"category","embeddable":true,"href":"https:\/\/cdnoticias.com\/index.php\/wp-json\/wp\/v2\/categories?post=51954"},{"taxonomy":"post_tag","embeddable":true,"href":"https:\/\/cdnoticias.com\/index.php\/wp-json\/wp\/v2\/tags?post=51954"}],"curies":[{"name":"wp","href":"https:\/\/api.w.org\/{rel}","templated":true}]}}