{"id":51877,"date":"2022-04-17T17:27:15","date_gmt":"2022-04-17T20:27:15","guid":{"rendered":"https:\/\/www.centraldenoticias.com.ar\/?p=51877"},"modified":"2022-04-17T20:06:39","modified_gmt":"2022-04-17T23:06:39","slug":"indignante-vandalizaron-el-desfibrilador-ubicado-en-el-parque-eseverri","status":"publish","type":"post","link":"https:\/\/cdnoticias.com\/index.php\/2022\/04\/17\/indignante-vandalizaron-el-desfibrilador-ubicado-en-el-parque-eseverri\/","title":{"rendered":"Indignante: vandalizaron el desfibrilador ubicado en el Parque Eseverri"},"content":{"rendered":"<p>Fue en la madrugada de este domingo, seg\u00fan informaron de la subsecretar\u00eda de Seguridad. <!--more--><\/p>\n<hr \/>\n<p>En la madrugada de este domingo, la subsecretar\u00eda de Seguridad inform\u00f3 de un indignante hecho:<strong> personas desconocidas vandalizaron el desfibrilador ubicado en el Parque \u201cHelios Eseverri\u201d.<\/strong><\/p>\n<p>&nbsp;<\/p>\n<p>Seg\u00fan lo informado, desde<strong> Centro de Monitoreo notificaron el salto de la alarma ubicado en dicho aparato y hacia all\u00ed se traslad\u00f3 personal de Polic\u00eda de Tr\u00e1nsito.<\/strong><\/p>\n<p>&nbsp;<\/p>\n<p>Junto al Comando de Patrullas, realizaron un operativo donde <strong>hallaron el desfibrilador sustra\u00eddo, y fue conservado para realizar pericias dactilares por parte de Polic\u00eda Cient\u00edfica para dar con el o los autores del hecho.<\/strong><\/p>\n<p>&nbsp;<\/p>\n<p>Cabe destacar que esta aparatolog\u00eda<strong><em> \u201ces de suma importancia para los vecinos, son pocos los Municipios con los que cuentan con esta opci\u00f3n en un parque p\u00fablico\u201d<\/em><\/strong> y est\u00e1n distribuidos <em>\u201cen diferentes sectores de la ciudad y localidades del Partido\u201d<\/em> con la funci\u00f3n de auxiliar a cualquier persona que sufra un problema cardiovascular.<\/p>\n","protected":false},"excerpt":{"rendered":"<p>Fue en la madrugada de este domingo, seg\u00fan informaron de la subsecretar\u00eda de Seguridad.<\/p>\n","protected":false},"author":5,"featured_media":51878,"comment_status":"closed","ping_status":"closed","sticky":false,"template":"","format":"standard","meta":{"_jetpack_memberships_contains_paid_content":false,"footnotes":""},"categories":[14,1],"tags":[],"class_list":["post-51877","post","type-post","status-publish","format-standard","has-post-thumbnail","hentry","category-policiales","category-portada"],"jetpack_featured_media_url":"https:\/\/i0.wp.com\/cdnoticias.com\/wp-content\/uploads\/2022\/04\/desfibrilador-vandalizado.png?fit=800%2C480&ssl=1","jetpack_sharing_enabled":true,"_links":{"self":[{"href":"https:\/\/cdnoticias.com\/index.php\/wp-json\/wp\/v2\/posts\/51877","targetHints":{"allow":["GET"]}}],"collection":[{"href":"https:\/\/cdnoticias.com\/index.php\/wp-json\/wp\/v2\/posts"}],"about":[{"href":"https:\/\/cdnoticias.com\/index.php\/wp-json\/wp\/v2\/types\/post"}],"author":[{"embeddable":true,"href":"https:\/\/cdnoticias.com\/index.php\/wp-json\/wp\/v2\/users\/5"}],"replies":[{"embeddable":true,"href":"https:\/\/cdnoticias.com\/index.php\/wp-json\/wp\/v2\/comments?post=51877"}],"version-history":[{"count":0,"href":"https:\/\/cdnoticias.com\/index.php\/wp-json\/wp\/v2\/posts\/51877\/revisions"}],"wp:featuredmedia":[{"embeddable":true,"href":"https:\/\/cdnoticias.com\/index.php\/wp-json\/wp\/v2\/media\/51878"}],"wp:attachment":[{"href":"https:\/\/cdnoticias.com\/index.php\/wp-json\/wp\/v2\/media?parent=51877"}],"wp:term":[{"taxonomy":"category","embeddable":true,"href":"https:\/\/cdnoticias.com\/index.php\/wp-json\/wp\/v2\/categories?post=51877"},{"taxonomy":"post_tag","embeddable":true,"href":"https:\/\/cdnoticias.com\/index.php\/wp-json\/wp\/v2\/tags?post=51877"}],"curies":[{"name":"wp","href":"https:\/\/api.w.org\/{rel}","templated":true}]}}