{"id":51875,"date":"2022-04-17T11:32:43","date_gmt":"2022-04-17T14:32:43","guid":{"rendered":"https:\/\/www.centraldenoticias.com.ar\/?p=51875"},"modified":"2022-04-17T17:27:30","modified_gmt":"2022-04-17T20:27:30","slug":"la-politica-no-tiene-la-casa-muy-en-orden-que-digamos","status":"publish","type":"post","link":"https:\/\/cdnoticias.com\/index.php\/2022\/04\/17\/la-politica-no-tiene-la-casa-muy-en-orden-que-digamos\/","title":{"rendered":"La pol\u00edtica no tiene la casa muy en orden que digamos"},"content":{"rendered":"<p>Una semana corta pero plagada de conceptos pol\u00edticos. El \u201crepaso del a\u00f1o de Galli\u201d en el HCD. Las Tuvi y los terrenos. Y un bonus track para Central de Noticias: el reclamo por IOMA y su millonaria deuda. <!--more--><\/p>\n<hr \/>\n<p><em>(Este es un resumen del newsletter Volver a las Fuentes, realizado por<strong> Josefina Bargas y Alexis Grierson<\/strong>. <a href=\"https:\/\/mailchi.mp\/af4c20dc2d85\/la-casa-no-est-tan-ordenada-que-digamos?e=b6c762679c\" target=\"_blank\" rel=\"noopener\">La versi\u00f3n completa la pueden leer ac\u00e1<\/a>).\u00a0<\/em><\/p>\n<p>&nbsp;<\/p>\n<p><img data-recalc-dims=\"1\" loading=\"lazy\" decoding=\"async\" class=\"aligncenter size-full wp-image-50218\" src=\"https:\/\/i0.wp.com\/cdnoticias.com\/wp-content\/uploads\/2022\/03\/jardin-930-00.jpg?resize=800%2C446&#038;ssl=1\" alt=\"\" width=\"800\" height=\"446\" srcset=\"https:\/\/i0.wp.com\/cdnoticias.com\/wp-content\/uploads\/2022\/03\/jardin-930-00.jpg?w=1034&amp;ssl=1 1034w, https:\/\/i0.wp.com\/cdnoticias.com\/wp-content\/uploads\/2022\/03\/jardin-930-00.jpg?resize=300%2C167&amp;ssl=1 300w, https:\/\/i0.wp.com\/cdnoticias.com\/wp-content\/uploads\/2022\/03\/jardin-930-00.jpg?resize=1024%2C570&amp;ssl=1 1024w, https:\/\/i0.wp.com\/cdnoticias.com\/wp-content\/uploads\/2022\/03\/jardin-930-00.jpg?resize=768%2C428&amp;ssl=1 768w, https:\/\/i0.wp.com\/cdnoticias.com\/wp-content\/uploads\/2022\/03\/jardin-930-00.jpg?resize=800%2C445&amp;ssl=1 800w\" sizes=\"auto, (max-width: 800px) 100vw, 800px\" \/><\/p>\n<p>&nbsp;<\/p>\n<p>Si hubiera un repaso estricto de la semana, bien podr\u00edamos iniciar con<strong>\u00a0el perd\u00f3n de Galli por el error en la obra del Jard\u00edn N\u00b0 930<\/strong>, que fue inaugurado sin el medidor de gas colocado. Que fue interesante por cierto:\u00a0<em>una b\u00fasqueda de mostrar a un Municipio que se equivoca pero haciendo, y que tuvo, tiene y tendr\u00e1 m\u00e1s equivocaciones porque \u201ces de humano errar\u201d.<\/em><\/p>\n<p>Lo curioso es que tom\u00f3 carrera para decir lo que realmente quiere decir:\u00a0<strong>obras en educaci\u00f3n\u00a0<\/strong>hay, y muchas. No s\u00f3lo realizadas, sino en ejecuci\u00f3n y proyectadas. En otras palabras, Galli hace lo que no muchos hicieron y adem\u00e1s en ese marco, se equivoca. Todo un mensaje, al fin de cuentas. \u00bfC\u00f3mo cierra la semana?\u00a0<em>Anunciando la fecha de licitaci\u00f3n del Jard\u00edn N\u00b0 929<\/em>\u00a0y, en un tono muy similar a \u201cllegar al 100% de cloacas en el Partido es mi obsesi\u00f3n\u201d dijo que \u201cmi compromiso es que no haya m\u00e1s jardines alquilados en Olavarr\u00eda\u201d.<\/p>\n<p>Pero bueno, pas\u00f3 hace tanto\u2026que esas son algunas consideraciones. Ahora s\u00ed, te damos el peque\u00f1o tiempo para que prepares el mate y largamos con esta edici\u00f3n.<\/p>\n<p><u><strong>HCD: fatality con agenda opositora<\/strong><\/u><\/p>\n<p>&nbsp;<\/p>\n<p><img data-recalc-dims=\"1\" loading=\"lazy\" decoding=\"async\" class=\"aligncenter size-full wp-image-51693\" src=\"https:\/\/i0.wp.com\/cdnoticias.com\/wp-content\/uploads\/2022\/04\/WhatsApp-Image-2022-04-13-at-5.05.45-PM.jpeg?resize=800%2C488&#038;ssl=1\" alt=\"\" width=\"800\" height=\"488\" srcset=\"https:\/\/i0.wp.com\/cdnoticias.com\/wp-content\/uploads\/2022\/04\/WhatsApp-Image-2022-04-13-at-5.05.45-PM.jpeg?w=960&amp;ssl=1 960w, https:\/\/i0.wp.com\/cdnoticias.com\/wp-content\/uploads\/2022\/04\/WhatsApp-Image-2022-04-13-at-5.05.45-PM.jpeg?resize=300%2C183&amp;ssl=1 300w, https:\/\/i0.wp.com\/cdnoticias.com\/wp-content\/uploads\/2022\/04\/WhatsApp-Image-2022-04-13-at-5.05.45-PM.jpeg?resize=768%2C469&amp;ssl=1 768w\" sizes=\"auto, (max-width: 800px) 100vw, 800px\" \/><\/p>\n<p>La sesi\u00f3n del HCD de esta semana fue s\u00faper extensa, dur\u00f3 unas 6 horas. Hubo muchos temas en tratamiento, y casi todos los que tuvieron mayor desarrollo (y alg\u00fan debate) fueron\u00a0<strong>planteos de la oposici\u00f3n con cr\u00edticas a la gesti\u00f3n local<\/strong>.<\/p>\n<p>Fue como\u00a0<strong>un repaso del a\u00f1o<\/strong>: todos los temas que han generado cruces fuertes entre oficialismo y oposici\u00f3n y que tuvieron mella en el Ejecutivo fueron mencionados en esta sesi\u00f3n, que fue como\u00a0<strong>un \u201cmir\u00e1 c\u00f3mo llegamos hasta ac\u00e1\u201d y deja con todos los temas en el aire<\/strong>.<\/p>\n<p>El interbloque Frente de Todos (FdT) y Ahora Olavarr\u00eda (AO) apuntaron en todo momento a\u00a0<strong>se\u00f1alar la \u201cfalta de control\u201d del Municipio<\/strong>\u00a0en distintos temas:\u00a0<strong>el control de las concesiones de servicios p\u00fablicos, la construcci\u00f3n de las viviendas TUVI, el funcionamiento de la planta depuradora de l\u00edquidos cloacales y la implementaci\u00f3n del programa GIRO de separaci\u00f3n de residuos domiciliarios<\/strong>.\u00a0<em>\u201cCada vez que el Concejo control\u00f3 algo siempre encontr\u00f3 el mal funcionamiento del Ejecutivo, el no respeto a las normativas o la realizaci\u00f3n de actos incongruentes como la autorizaci\u00f3n de la antena en Colonia Nievas\u201d<\/em>\u00a0dijo Juan S\u00e1nchez y sirve a modo de resumen de una parte de los planteos.<\/p>\n<p>Claro que no falt\u00f3 el<strong>\u00a0cruce por alg\u00fan que otro tema nacional<\/strong>, con cr\u00edticas por elevaci\u00f3n a las gestiones de Naci\u00f3n y Provincia, y m\u00e1s que nada a los l\u00edderes sectoriales. Primera cuesti\u00f3n a se\u00f1alar: la oposici\u00f3n local, por ser liderada por dirigentes de La C\u00e1mpora:\u00a0<em>\u00bfno est\u00e1 en una posici\u00f3n un tanto m\u00e1s c\u00f3moda por no adherir al 100% a la gesti\u00f3n de Alberto Fern\u00e1ndez? \u00bfQu\u00e9 pasa con los integrantes del bloque que no son 100% kirchneristas?\u00a0<\/em><\/p>\n<p>Igualmente, gran parte de la sesi\u00f3n fue con tem\u00e1ticas locales y dej\u00f3 la sensaci\u00f3n de que\u00a0<strong>el oficialismo no pudo imponer proyectos\/temas de relevancia para contrarrestar la agenda opositora<\/strong>. Curioso que en temas donde el Ejecutivo ha hecho las cosas bien -convalidar m\u00faltiples donaciones, cesiones de tierras, autorizar la labor en obras, entre tantos etc\u00e9teras- hoy pasen m\u00e1s desapercibidas siendo que los temas est\u00e1n. Los concejales votan sin tomar la palabra.<\/p>\n<p><strong>\u00bfSucede algo en la coordinaci\u00f3n entre el bloque, el Ejecutivo y la Presidencia del Concejo?<\/strong>\u00a0Quiz\u00e1s la agenda que busca imponer la oposici\u00f3n ha tenido descoordinadas estas tres patas, en una distancia que se nota m\u00e1s en los gestos que en las palabras. Una cosa es cierta, result\u00f3 muy curioso la imposici\u00f3n de temas de la oposici\u00f3n en la \u00faltima sesi\u00f3n.<\/p>\n<p>Y una cosa m\u00e1s: \u00bfde qu\u00e9 forma se analiza la\u00a0<strong>independencia que ha cobrado (el \u00bfbloque?) Peronismo Republicano<\/strong>\u00a0dentro de Juntos? Es curioso que en cada sesi\u00f3n haya comunicados en donde se explique cada proyecto presentado y el trabajo que realiza el espacio que lidera Mario Cura. \u00bfEl interbloque de Juntos en cu\u00e1ntas partes se divide?<\/p>\n<p><u><strong>\u00bfOtra grave denuncia por contaminaci\u00f3n?<\/strong><\/u><\/p>\n<p>&nbsp;<\/p>\n<p><img data-recalc-dims=\"1\" loading=\"lazy\" decoding=\"async\" class=\"aligncenter size-full wp-image-51624\" src=\"https:\/\/i0.wp.com\/cdnoticias.com\/wp-content\/uploads\/2022\/04\/remadaverde-olavarria.jpg?resize=800%2C480&#038;ssl=1\" alt=\"\" width=\"800\" height=\"480\" srcset=\"https:\/\/i0.wp.com\/cdnoticias.com\/wp-content\/uploads\/2022\/04\/remadaverde-olavarria.jpg?w=1031&amp;ssl=1 1031w, https:\/\/i0.wp.com\/cdnoticias.com\/wp-content\/uploads\/2022\/04\/remadaverde-olavarria.jpg?resize=300%2C180&amp;ssl=1 300w, https:\/\/i0.wp.com\/cdnoticias.com\/wp-content\/uploads\/2022\/04\/remadaverde-olavarria.jpg?resize=1024%2C615&amp;ssl=1 1024w, https:\/\/i0.wp.com\/cdnoticias.com\/wp-content\/uploads\/2022\/04\/remadaverde-olavarria.jpg?resize=768%2C461&amp;ssl=1 768w\" sizes=\"auto, (max-width: 800px) 100vw, 800px\" \/><\/p>\n<p>Primero las aclaraciones: lo que se trat\u00f3 en la sesi\u00f3n fue un pedido de informe. Y en ese marco, con la labor del grupo Remada Verde como inicio,\u00a0<strong>se puso en cuestionamiento el funcionamiento de la planta depuradora de l\u00edquidos cloacales<\/strong>. Todo tiene mal olor (chiste cuack de la edici\u00f3n de hoy).<\/p>\n<p>El planteo fue una denuncia sobre otra contaminaci\u00f3n en el arroyo, aunque no se expuso abiertamente como tal. Ubaldo Garc\u00eda del FdT afirm\u00f3 que\u00a0<strong>\u201cse observan l\u00edquidos cloacales en el cauce\u201d<\/strong>\u00a0y un\u00a0<strong>\u201cdeficiente\u201d funcionamiento de la planta<\/strong>: habl\u00f3 de roturas recientes, de falta de reparaci\u00f3n, del aumento de la demanda y se puso en duda la capacidad de atenderla. Como se plante\u00f3 con el tema de los lixiviados del relleno sanitario, se apunt\u00f3 a que desde la planta -que est\u00e1 bajo el control de Coopelectric- se dejan llegar efluentes hasta el arroyo con l\u00edquidos sin tratar. Grav\u00edsimo.<\/p>\n<p>En el pedido de informe se mencionan<strong>\u00a0\u201croturas sufridas en los \u00faltimos 60 d\u00edas\u201d<\/strong>, y se alude a un\u00a0<strong>bypass<\/strong>\u00a0y un\u00a0<strong>canal aliviador de desborde<\/strong>.<\/p>\n<p>La argumentaci\u00f3n del FdT y de AO, otra vez, fue para el mismo lado: falta de control del Municipio. De pasada, aprovecharon para decir que con el\u00a0<strong>relleno sanitario \u201cla problem\u00e1tica al d\u00eda de la fecha no se ha solucionado\u00a0<\/strong>y con cada lluvia sigue habiendo desbordes\u201d.<\/p>\n<p><u><strong>La reuni\u00f3n de los adjudicatarios del TUVI<\/strong><\/u><\/p>\n<p>&nbsp;<\/p>\n<p><img data-recalc-dims=\"1\" loading=\"lazy\" decoding=\"async\" class=\"aligncenter size-full wp-image-36487\" src=\"https:\/\/i0.wp.com\/cdnoticias.com\/wp-content\/uploads\/2021\/10\/WhatsApp-Image-2021-10-23-at-15.15.44.jpeg?resize=800%2C600&#038;ssl=1\" alt=\"\" width=\"800\" height=\"600\" srcset=\"https:\/\/i0.wp.com\/cdnoticias.com\/wp-content\/uploads\/2021\/10\/WhatsApp-Image-2021-10-23-at-15.15.44.jpeg?w=1600&amp;ssl=1 1600w, https:\/\/i0.wp.com\/cdnoticias.com\/wp-content\/uploads\/2021\/10\/WhatsApp-Image-2021-10-23-at-15.15.44.jpeg?resize=300%2C225&amp;ssl=1 300w, https:\/\/i0.wp.com\/cdnoticias.com\/wp-content\/uploads\/2021\/10\/WhatsApp-Image-2021-10-23-at-15.15.44.jpeg?resize=768%2C576&amp;ssl=1 768w, https:\/\/i0.wp.com\/cdnoticias.com\/wp-content\/uploads\/2021\/10\/WhatsApp-Image-2021-10-23-at-15.15.44.jpeg?resize=1024%2C768&amp;ssl=1 1024w\" sizes=\"auto, (max-width: 800px) 100vw, 800px\" \/><\/p>\n<p>El mi\u00e9rcoles, finalmente, se dio la\u00a0<strong>segunda reuni\u00f3n de los adjudicatarios de las viviendas industrializadas TUVI y autoridades de Obras P\u00fablicas municipal<\/strong>. A ellos se sum\u00f3 el titular de la empresa que lleva adelante la obra. A un mes de la primera reuni\u00f3n, en esa s\u00ed\u00a0<strong>estuvo el secretario Julio Ferraro<\/strong>\u00a0y el Municipio se encarg\u00f3 de difundirlo con una foto. Pero esa no es la \u00fanica fecha a la que hay que prestar atenci\u00f3n: es que adem\u00e1s\u00a0<strong>este encuentro respondi\u00f3 a plazos previstos en una intimaci\u00f3n que recibi\u00f3 el Municipio<\/strong>\u00a0por parte de, al menos, una adjudicataria.<\/p>\n<p>Seg\u00fan pudimos saber, a lo largo de la reuni\u00f3n hubo planteos por la\u00a0<strong>calidad de los materiales<\/strong>\u00a0y desde la empresa se explic\u00f3 en qu\u00e9 consiste el sistema wood-frame de construcci\u00f3n y los materiales utilizados con \u00e9nfasis en que la Municipalidad los eligi\u00f3. Buscaron mostrar que hay<strong>\u00a0un \u201cida y vuelta\u201d entre la empresa y el Municipio<\/strong>\u00a0para verificar el seguimiento y controlar el avance.<\/p>\n<p>Tambi\u00e9n hubo alguna referencia a los \u201ccambios en el equipo de trabajo\u201d de la constructora, de los cuales devino la explicaci\u00f3n de un ex empleado, que fue despedido, a quien le adjudicaron errores en el trabajo y demoras en el avance. No obstante, se habl\u00f3 de que esas\u00a0<strong>demoras<\/strong>\u00a0se deben tambi\u00e9n a la dificultad para conseguir insumos, cambios en el circuito de pagos a proveedores y, claro, la lluvia. Sobre este \u00faltimo aspecto, Ferraro se\u00f1al\u00f3 que lo mismo sucede con casi todas las obras municipales: se ven demoradas por las condiciones clim\u00e1ticas.<\/p>\n<p>A propuesta de la empresa\u00a0<strong>se habilitar\u00e1 una visita de los adjudicatarios a la obra<\/strong>\u00a0y\u00a0<strong>sobre el final de la semana que viene se firmar\u00e1 el contrato entre la Municipalidad y los compradores<\/strong>. Justamente, estos dos temas hab\u00edan sido planteados en la intimaci\u00f3n que se envi\u00f3 a la Municipalidad y cuyo plazo de respuesta venc\u00eda \u2026 el d\u00eda de la reuni\u00f3n.<\/p>\n<p><strong>\u201cSomos los m\u00e1s interesados en que esto salga bien\u201d<\/strong>, m\u00e1s o menos as\u00ed dicen que fue la expresi\u00f3n del secretario Ferraro que busc\u00f3 llevar tranquilidad a los adjudicatarios y una actitud de escucha.<\/p>\n<p>\u00bfLo logr\u00f3?\u00a0<strong>Persiste el miedo y la disconformidad en los compradores\u00a0<\/strong>que ahora, a diferencia del mes pasado, ya lograron conocerse entre algunos de ellos y formaron grupos de chat en distintas redes para mantenerse en contacto y, potencialmente, coordinar medidas y posturas.<\/p>\n<p>En ese marco, dicen que un punto que qued\u00f3 muy d\u00e9bil o al menos con respuesta ambigua, fue sobre\u00a0<strong>la experiencia de la empresa en este tipo de obras<\/strong>. Y en la misma l\u00ednea avanzaron los concejales en la sesi\u00f3n, tanto desde el bloque FdT como AO ya que ambos accedieron al expediente de la licitaci\u00f3n. Aseguraron que\u00a0<em>la constructora no ten\u00eda antecedentes espec\u00edficos, ni trayectoria de funcionamiento o contrataci\u00f3n, ni respaldo patrimonial<\/em>.<\/p>\n<p>Sobre\u00a0<strong>la firma del contrato, se fij\u00f3 para el viernes pr\u00f3ximo a la ma\u00f1ana<\/strong>. Con ese acto, los compradores buscan formalizar su lugar de adjudicatarios de una vivienda y tenedores de un terreno. A modo de subrayado de la importancia de este acto,\u00a0<strong>actualmente no saben qu\u00e9 lote tiene cada uno<\/strong>\u00a0y esperan saberlo con el acceso a ese documento. Un detalle a tener en cuenta con esto: las casas que est\u00e1n en construcci\u00f3n tienen distinto grado de avance, con lo que conocer cu\u00e1l terreno se asign\u00f3 a cada persona,\u00a0<strong>permitir\u00e1 saber adem\u00e1s qu\u00e9 tan avanzada (o a\u00fan sin iniciar) est\u00e1 su vivienda<\/strong>.<\/p>\n<p>En cuanto al tema de la visita a la obra,\u00a0<strong>al menos uno de los compradores ya busc\u00f3 un profesional que lo asesore en cuanto a los materiales y el avance de obra<\/strong>. La intenci\u00f3n es que est\u00e9 en esa recorrida sobre la cual a\u00fan no tiene fecha cierta y oficie de \u201cinspector\u201d para los adjudicatarios.<\/p>\n<p><u><strong>Los terrenos: el municipio es particular damnificado<\/strong><\/u><\/p>\n<p>&nbsp;<\/p>\n<p><img data-recalc-dims=\"1\" loading=\"lazy\" decoding=\"async\" class=\"aligncenter size-full wp-image-50371\" src=\"https:\/\/i0.wp.com\/cdnoticias.com\/wp-content\/uploads\/2022\/03\/Palacio-Municipal-San-Martin-drone-Olavarria-Municipalidad-centro-comercio.jpg?resize=800%2C445&#038;ssl=1\" alt=\"\" width=\"800\" height=\"445\" srcset=\"https:\/\/i0.wp.com\/cdnoticias.com\/wp-content\/uploads\/2022\/03\/Palacio-Municipal-San-Martin-drone-Olavarria-Municipalidad-centro-comercio.jpg?w=800&amp;ssl=1 800w, https:\/\/i0.wp.com\/cdnoticias.com\/wp-content\/uploads\/2022\/03\/Palacio-Municipal-San-Martin-drone-Olavarria-Municipalidad-centro-comercio.jpg?resize=300%2C167&amp;ssl=1 300w, https:\/\/i0.wp.com\/cdnoticias.com\/wp-content\/uploads\/2022\/03\/Palacio-Municipal-San-Martin-drone-Olavarria-Municipalidad-centro-comercio.jpg?resize=768%2C427&amp;ssl=1 768w\" sizes=\"auto, (max-width: 800px) 100vw, 800px\" \/><\/p>\n<p>Hab\u00eda sido un adelanto de este newsletter que se\u00f1alaba que\u00a0<strong>el Municipio tuvo los \u201cgestos\u201d para que el juez<\/strong>\u00a0(subrogante, en este caso)\u00a0<strong>acepte que la comuna sea particular damnificada\u00a0<\/strong>en la causa por los terrenos y as\u00ed fue: en la semana se confirm\u00f3 esta novedad.<\/p>\n<p>Es que\u00a0<strong>suena a<\/strong>\u00a0<strong>contradictoria<\/strong>\u00a0la parte de que si un integrante del Municipio estaba imputado por estafas en la venta ilegal de terrenos, el propio Estado local se muestre como \u201cv\u00edctima\u201d en todo esto cuando hay terrenos implicados. Pues bien, como ya contamos antes de la solicitud se decidi\u00f3 suspender a Mariano Ciancio, asesor de la Secretar\u00eda de Desarrollo Humano, y luego se hizo el pedido de ser particular damnificado.<\/p>\n<p>\u00bfC\u00f3mo llega el Municipio a esta situaci\u00f3n cuando hace varias semanas la historia parec\u00eda totalmente distinta? De los 23 terrenos que fueron denunciados por venta irregular, hay dos que son municipales. Esto convierte al Municipio en \u201cv\u00edctima\u201d dado que\u00a0<strong>su patrimonio fue afectado y eso permiti\u00f3 la posibilidad de solicitar la figura de particular damnificado<\/strong>.<\/p>\n<p>Ahora arranca una historia totalmente distinta: pareciera que, m\u00e1s all\u00e1 de la sola suspensi\u00f3n,\u00a0<strong>los caminos de Ciancio y el Municipio se alejan<\/strong>\u00a0y que ahora la investigaci\u00f3n se centrar\u00e1 en el asesor suspendido. De todas maneras, que se haya tomado esta determinaci\u00f3n no la hace definitiva, si la fiscal considerara que hay elementos para implicar a m\u00e1s funcionarios o trabajadores municipales, puede solicitar revocar esta decisi\u00f3n al mismo Juez de Garant\u00edas, en este caso el doctor Villamar\u00edn.<\/p>\n<p><em>\u201cComo dijo el intendente Ezequiel Galli, el Municipio estuvo, est\u00e1 y va a estar a disposici\u00f3n de la Justicia en una causa que ha perjudicado a vecinos del Partido de Olavarr\u00eda\u201d<\/em>, expres\u00f3 el Subsecretario de Legal y T\u00e9cnica Marcelo Fabbi, quien representar\u00e1 al Municipio en este tema ahora desde el lugar de las v\u00edctimas.<\/p>\n<p>&nbsp;<\/p>\n<p><strong>A pedido de los afiliados<\/strong><\/p>\n<p><em>(Nota de los editores: este apartado es exclusivo de Central de Noticias, ser\u00e1 incorporado en la pr\u00f3xima edici\u00f3n de Volver a las Fuentes)<\/em><\/p>\n<p>&nbsp;<\/p>\n<p><img data-recalc-dims=\"1\" loading=\"lazy\" decoding=\"async\" class=\"aligncenter size-full wp-image-12512\" src=\"https:\/\/i0.wp.com\/cdnoticias.com\/wp-content\/uploads\/2021\/01\/ioma800x445.jpg?resize=800%2C445&#038;ssl=1\" alt=\"\" width=\"800\" height=\"445\" srcset=\"https:\/\/i0.wp.com\/cdnoticias.com\/wp-content\/uploads\/2021\/01\/ioma800x445.jpg?w=800&amp;ssl=1 800w, https:\/\/i0.wp.com\/cdnoticias.com\/wp-content\/uploads\/2021\/01\/ioma800x445.jpg?resize=300%2C167&amp;ssl=1 300w, https:\/\/i0.wp.com\/cdnoticias.com\/wp-content\/uploads\/2021\/01\/ioma800x445.jpg?resize=768%2C427&amp;ssl=1 768w\" sizes=\"auto, (max-width: 800px) 100vw, 800px\" \/><\/p>\n<p>&nbsp;<\/p>\n<p>A las m\u00faltiples quejas de los afiliados de IOMA por el mal servicio que brinda, con poca cobertura, deuda con profesionales y complejidades propias de una obra social en crisis, <strong>se le sum\u00f3 una cr\u00edtica m\u00e1s: nos olvidamos de mencionar la denuncia realizada por dirigentes de Juntos que cargaron duramente contra la gesti\u00f3n provincial por la deuda que contrae con el Municipio.<\/strong><\/p>\n<p>&nbsp;<\/p>\n<p>Todo surge de un c\u00e1lculo realizado por el c<strong>oncejal Juan Mujica (Juntos)<\/strong> que incluye varios \u00edtems, entre cuestiones de infraestructura, salud y dem\u00e1s puntos. M\u00e1s all\u00e1 de la falta de pagos por certificaciones de obras, <strong>se hizo especial \u00e9nfasis en IOMA y la situaci\u00f3n del Hospital Municipal que fue catalogado de &#8220;receptor&#8221; de pacientes que no contaban con el acompa\u00f1amiento correspondiente de la obra social.<\/strong><\/p>\n<p>&nbsp;<\/p>\n<p><img data-recalc-dims=\"1\" loading=\"lazy\" decoding=\"async\" class=\"aligncenter size-full wp-image-41636\" src=\"https:\/\/i0.wp.com\/cdnoticias.com\/wp-content\/uploads\/2021\/12\/HCD-mujica.jpg?resize=800%2C444&#038;ssl=1\" alt=\"\" width=\"800\" height=\"444\" srcset=\"https:\/\/i0.wp.com\/cdnoticias.com\/wp-content\/uploads\/2021\/12\/HCD-mujica.jpg?w=1152&amp;ssl=1 1152w, https:\/\/i0.wp.com\/cdnoticias.com\/wp-content\/uploads\/2021\/12\/HCD-mujica.jpg?resize=300%2C167&amp;ssl=1 300w, https:\/\/i0.wp.com\/cdnoticias.com\/wp-content\/uploads\/2021\/12\/HCD-mujica.jpg?resize=768%2C427&amp;ssl=1 768w, https:\/\/i0.wp.com\/cdnoticias.com\/wp-content\/uploads\/2021\/12\/HCD-mujica.jpg?resize=1024%2C569&amp;ssl=1 1024w, https:\/\/i0.wp.com\/cdnoticias.com\/wp-content\/uploads\/2021\/12\/HCD-mujica.jpg?resize=800%2C445&amp;ssl=1 800w\" sizes=\"auto, (max-width: 800px) 100vw, 800px\" \/><\/p>\n<p>&nbsp;<\/p>\n<p>En cifras, Mujica denunci\u00f3 que IOMA <strong><em>&#8220;mantiene una deuda de casi 30 millones de pesos con el Municipio y, lamentablemente, ya no es una novedad el mal funcionamiento del organismo en toda la Provincia\u201d.<\/em><\/strong><\/p>\n<p>&nbsp;<\/p>\n<p><em>\u201cCon la pandemia del Covid-19 qued\u00f3 demostrado que el sistema de salud p\u00fablica de Olavarr\u00eda es referencia en la regi\u00f3n y fue el Hospital Municipal el receptor de pacientes de distintas localidades pese a no contar con el respaldo del IOMA\u201d<\/em>, agreg\u00f3. Y record\u00f3 dichos del gobernador cuando estuvo en Loma Negra y tuvo conceptos m\u00e1s duros a\u00fan: <strong><em>&#8220;escuchamos la semana pasada que el gobernador Kicillof dijo en Loma Negra que est\u00e1 haciendo una revoluci\u00f3n en el territorio bonaerense, pero IOMA no pag\u00f3 el 83% de los tratamientos ambulatorios e internaciones correspondientes al 2021\u201d<\/em> <\/strong>dijo prolijamente.<\/p>\n<p>&nbsp;<\/p>\n<p>No es una novedad, pero tampoco es algo que tenga un horizonte de mejora.<strong> Es quiz\u00e1s una de las obras sociales m\u00e1s cuestionadas de los \u00faltimos tiempos y en tiempos de crisis, tampoco es garant\u00eda de tranquilidad en cobertura de salud.<\/strong> Suena duro y simple pero no lo es: lamentablemente, habr\u00e1 que cuidarse para no enfermarse.<\/p>\n<p>&nbsp;<\/p>\n<p><strong>* Un extracto<\/strong><\/p>\n<p>&nbsp;<\/p>\n<p>Esta publicaci\u00f3n es parte de la edici\u00f3n de este domingo del\u00a0<strong>newsletter Volver a las Fuentes<\/strong>\u00a0que escriben\u00a0<strong>Alexis Grierson y Josefina Bargas<\/strong>. La edici\u00f3n completa\u00a0est\u00e1 disponible aqu\u00ed \u2013 <a href=\"https:\/\/mailchi.mp\/af4c20dc2d85\/la-casa-no-est-tan-ordenada-que-digamos?e=b6c762679c\" target=\"_blank\" rel=\"noopener\">\u201cLa casa no est\u00e1 tan en orden\u201d<\/a>\u2013 y se suscribir de forma gratuita para recibirlo por mail\u00a0<a href=\"https:\/\/gmail.us17.list-manage.com\/subscribe?u=cba2a41506a8e26d100c3f0f8&amp;id=63ce583cd9\" target=\"_blank\" rel=\"noopener\">dejando sus datos en este formulario<\/a>.<\/p>\n","protected":false},"excerpt":{"rendered":"<p>Una semana corta pero plagada de conceptos pol\u00edticos. El \u201crepaso del a\u00f1o de Galli\u201d en el HCD. Las Tuvi y<\/p>\n","protected":false},"author":5,"featured_media":51691,"comment_status":"closed","ping_status":"closed","sticky":false,"template":"","format":"standard","meta":{"_jetpack_memberships_contains_paid_content":false,"footnotes":""},"categories":[4,1],"tags":[],"class_list":["post-51875","post","type-post","status-publish","format-standard","has-post-thumbnail","hentry","category-politica","category-portada"],"jetpack_featured_media_url":"https:\/\/i0.wp.com\/cdnoticias.com\/wp-content\/uploads\/2022\/04\/WhatsApp-Image-2022-04-13-at-1.53.33-PM.jpeg?fit=1280%2C704&ssl=1","jetpack_sharing_enabled":true,"_links":{"self":[{"href":"https:\/\/cdnoticias.com\/index.php\/wp-json\/wp\/v2\/posts\/51875","targetHints":{"allow":["GET"]}}],"collection":[{"href":"https:\/\/cdnoticias.com\/index.php\/wp-json\/wp\/v2\/posts"}],"about":[{"href":"https:\/\/cdnoticias.com\/index.php\/wp-json\/wp\/v2\/types\/post"}],"author":[{"embeddable":true,"href":"https:\/\/cdnoticias.com\/index.php\/wp-json\/wp\/v2\/users\/5"}],"replies":[{"embeddable":true,"href":"https:\/\/cdnoticias.com\/index.php\/wp-json\/wp\/v2\/comments?post=51875"}],"version-history":[{"count":0,"href":"https:\/\/cdnoticias.com\/index.php\/wp-json\/wp\/v2\/posts\/51875\/revisions"}],"wp:featuredmedia":[{"embeddable":true,"href":"https:\/\/cdnoticias.com\/index.php\/wp-json\/wp\/v2\/media\/51691"}],"wp:attachment":[{"href":"https:\/\/cdnoticias.com\/index.php\/wp-json\/wp\/v2\/media?parent=51875"}],"wp:term":[{"taxonomy":"category","embeddable":true,"href":"https:\/\/cdnoticias.com\/index.php\/wp-json\/wp\/v2\/categories?post=51875"},{"taxonomy":"post_tag","embeddable":true,"href":"https:\/\/cdnoticias.com\/index.php\/wp-json\/wp\/v2\/tags?post=51875"}],"curies":[{"name":"wp","href":"https:\/\/api.w.org\/{rel}","templated":true}]}}