{"id":51827,"date":"2022-04-16T09:29:06","date_gmt":"2022-04-16T12:29:06","guid":{"rendered":"https:\/\/www.centraldenoticias.com.ar\/?p=51827"},"modified":"2022-04-16T12:05:55","modified_gmt":"2022-04-16T15:05:55","slug":"nueva-jornada-de-vacunacion-contra-el-covid-en-el-paseo-jesus-mendia","status":"publish","type":"post","link":"https:\/\/cdnoticias.com\/index.php\/2022\/04\/16\/nueva-jornada-de-vacunacion-contra-el-covid-en-el-paseo-jesus-mendia\/","title":{"rendered":"Nueva jornada de vacunaci\u00f3n contra el COVID en el Paseo Jes\u00fas Mend\u00eda"},"content":{"rendered":"<p>Ser\u00e1 desde las 10:00 horas de este s\u00e1bado y se aplicar\u00e1n todas las dosis. En la semana, inocularon a 462 personas. <!--more--><\/p>\n<hr \/>\n<p>Este s\u00e1bado, desde<strong> Regi\u00f3n Sanitaria IX se organiz\u00f3 una nueva jornada de vacunaci\u00f3n contra el COVID en el Paseo Jes\u00fas Mend\u00eda desde las 10:00, mientras que se inform\u00f3, en paralelo, la cantidad de dosis aplicadas durante la semana.<\/strong><\/p>\n<p>&nbsp;<\/p>\n<blockquote><p>La posta de vacunaci\u00f3n itinerante estar\u00e1 hasta las 14:00 horas y se indic\u00f3 que se aplicar\u00e1n primeras, segundas, terceras y cuartas dosis siempre y cuando se respeten los tiempos de aplicaci\u00f3n una y otra.<\/p><\/blockquote>\n<p>&nbsp;<\/p>\n<p>En la semana comprendida entre el 9 y el 15 de abril, en tanto, <strong>se aplicaron 262 terceras dosis sobre un total de 462 personas vacunadas contra el Covid-19.<\/strong><\/p>\n<p>&nbsp;<\/p>\n<p>Al detalle, en la <strong>Pe\u00f1a Ciudad de Olavarr\u00eda Boca Jrs<\/strong>. se inocularon 240 vecinas y vecinos; en la <strong>Mutual Carlos Alberto Moreno de Suteba<\/strong> se vacunaron 108 personas; y en los<strong> diferentes vacunatorios itinerantes<\/strong> se aplicaron 114 dosis.<\/p>\n<p>&nbsp;<\/p>\n<p><strong>Las cuartas dosis contra el coronavirus est\u00e1n destinadas al personal docente, de seguridad y de salud, y a todas las personas mayores de 12 a\u00f1os inmunocomprometidas<\/strong>, siempre respetando los 4 meses desde la \u00faltima aplicaci\u00f3n.<\/p>\n<blockquote><p>Semanas atr\u00e1s el ministro de Salud bonaerense Nicol\u00e1s Kreplak afirm\u00f3 que el uso de barbijo ya no ser\u00e1 obligatorio en espacios laborales, recreativos y educativos, pero indico que habr\u00e1 que continuar us\u00e1ndolo en trenes y colectivos.<\/p><\/blockquote>\n<p>Por consultas, podr\u00e1n acercarse a cualquiera de las dos postas: Mutual Carlos Alberto Moreno, ubicada en Collinet 4544, de 8 a 14 hs, y en la Pe\u00f1a Ciudad de Olavarr\u00eda Boca Jr., Chacabuco 4366, de 8 a 16 hs.<\/p>\n","protected":false},"excerpt":{"rendered":"<p>Ser\u00e1 desde las 10:00 horas de este s\u00e1bado y se aplicar\u00e1n todas las dosis. En la semana, inocularon a 462<\/p>\n","protected":false},"author":5,"featured_media":36923,"comment_status":"closed","ping_status":"closed","sticky":false,"template":"","format":"standard","meta":{"_jetpack_memberships_contains_paid_content":false,"footnotes":""},"categories":[16,1],"tags":[],"class_list":["post-51827","post","type-post","status-publish","format-standard","has-post-thumbnail","hentry","category-covid-19","category-portada"],"jetpack_featured_media_url":"https:\/\/i0.wp.com\/cdnoticias.com\/wp-content\/uploads\/2021\/10\/vacunacion-itinerante-01.jpg?fit=800%2C445&ssl=1","jetpack_sharing_enabled":true,"_links":{"self":[{"href":"https:\/\/cdnoticias.com\/index.php\/wp-json\/wp\/v2\/posts\/51827","targetHints":{"allow":["GET"]}}],"collection":[{"href":"https:\/\/cdnoticias.com\/index.php\/wp-json\/wp\/v2\/posts"}],"about":[{"href":"https:\/\/cdnoticias.com\/index.php\/wp-json\/wp\/v2\/types\/post"}],"author":[{"embeddable":true,"href":"https:\/\/cdnoticias.com\/index.php\/wp-json\/wp\/v2\/users\/5"}],"replies":[{"embeddable":true,"href":"https:\/\/cdnoticias.com\/index.php\/wp-json\/wp\/v2\/comments?post=51827"}],"version-history":[{"count":0,"href":"https:\/\/cdnoticias.com\/index.php\/wp-json\/wp\/v2\/posts\/51827\/revisions"}],"wp:featuredmedia":[{"embeddable":true,"href":"https:\/\/cdnoticias.com\/index.php\/wp-json\/wp\/v2\/media\/36923"}],"wp:attachment":[{"href":"https:\/\/cdnoticias.com\/index.php\/wp-json\/wp\/v2\/media?parent=51827"}],"wp:term":[{"taxonomy":"category","embeddable":true,"href":"https:\/\/cdnoticias.com\/index.php\/wp-json\/wp\/v2\/categories?post=51827"},{"taxonomy":"post_tag","embeddable":true,"href":"https:\/\/cdnoticias.com\/index.php\/wp-json\/wp\/v2\/tags?post=51827"}],"curies":[{"name":"wp","href":"https:\/\/api.w.org\/{rel}","templated":true}]}}