{"id":5182,"date":"2020-10-29T18:31:00","date_gmt":"2020-10-29T21:31:00","guid":{"rendered":"http:\/\/www.centraldenoticias.com.ar\/?p=5182"},"modified":"2020-10-29T19:58:19","modified_gmt":"2020-10-29T22:58:19","slug":"la-suprema-corte-ordeno-que-olavarria-retorne-al-teletrabajo-por-el-pase-a-fase-3","status":"publish","type":"post","link":"https:\/\/cdnoticias.com\/index.php\/2020\/10\/29\/la-suprema-corte-ordeno-que-olavarria-retorne-al-teletrabajo-por-el-pase-a-fase-3\/","title":{"rendered":"La Suprema Corte orden\u00f3 que Olavarr\u00eda retorne al teletrabajo por el pase a Fase 3"},"content":{"rendered":"<p>En el fallo emitido en las \u00faltimas horas se advierte la \u201cpreocupaci\u00f3n\u201d ante la \u201ccirculaci\u00f3n local del virus\u201d, por lo que se dicta retornar a la modalidad de atenci\u00f3n desarrollada meses atr\u00e1s.<\/p>\n<p><!--more--><\/p>\n<hr \/>\n<p>A inicios de la presente semana, en una conferencia de prensa encabezada por el intendente municipal, se anunci\u00f3 que <a href=\"https:\/\/cdnoticias.com\/index.php\/2020\/10\/26\/olavarria-vuelve-a-fase-3-hasta-el-2-de-noviembre-restringen-actividades\/\" target=\"_blank\" rel=\"noopener\">Olavarr\u00eda retrocedi\u00f3 a una fase 3 ampliada debido al marcado incremento de casos de coronavirus<\/a>. La medida se tradujo, en principio, en el <strong>cese de actividades deportivas en espacios cerrados talleres culturales, ensayos de obras musicales y teatrales y la asistencia a espacios culturales. Sin embargo, ahora se sumar\u00eda una nueva restricci\u00f3n.<\/strong><\/p>\n<p>&nbsp;<\/p>\n<p><img data-recalc-dims=\"1\" loading=\"lazy\" decoding=\"async\" class=\"alignnone size-full wp-image-5183\" src=\"https:\/\/i0.wp.com\/cdnoticias.com\/wp-content\/uploads\/2020\/10\/SCorteFINAL4.jpg?resize=600%2C400&#038;ssl=1\" alt=\"\" width=\"600\" height=\"400\" srcset=\"https:\/\/i0.wp.com\/cdnoticias.com\/wp-content\/uploads\/2020\/10\/SCorteFINAL4.jpg?w=600&amp;ssl=1 600w, https:\/\/i0.wp.com\/cdnoticias.com\/wp-content\/uploads\/2020\/10\/SCorteFINAL4.jpg?resize=300%2C200&amp;ssl=1 300w, https:\/\/i0.wp.com\/cdnoticias.com\/wp-content\/uploads\/2020\/10\/SCorteFINAL4.jpg?resize=272%2C182&amp;ssl=1 272w\" sizes=\"auto, (max-width: 600px) 100vw, 600px\" \/><\/p>\n<p>&nbsp;<\/p>\n<p>La novedad proviene desde La Plata, m\u00e1s precisamente desde la Suprema Corte de Justicia, desde donde se resolvi\u00f3 que debido a este cambio de fase la \u201cdescentralizada\u201d de <strong>Olavarr\u00eda retorne al teletrabajo y a la disposici\u00f3n de guardias m\u00ednimas para reducir las posibilidades de contagio pero, a la par, mantener el servicio de justicia.<\/strong><\/p>\n<p>&nbsp;<\/p>\n<p>\u201cEstablecer que, hasta nueva resoluci\u00f3n, los \u00f3rganos jurisdiccionales deber\u00e1n satisfacer las necesidades del servicio <strong>profundizando la utilizaci\u00f3n del trabajo remoto y el uso de tecnolog\u00edas de la informaci\u00f3n y comunicaci\u00f3n disponibles, sin perjuicio de las medidas que sus titulares dispongan y crean convenientes a esos efectos dentro de las pautas aprobadas por esta Suprema Corte<\/strong>\u201d, puede leerse en el segundo punto de la parte resolutiva del fallo emitido en las \u00faltimas horas.<\/p>\n<p>&nbsp;<\/p>\n<p><img data-recalc-dims=\"1\" loading=\"lazy\" decoding=\"async\" class=\"alignnone size-large wp-image-5184\" src=\"https:\/\/i0.wp.com\/cdnoticias.com\/wp-content\/uploads\/2020\/10\/suprema-corte.jpg?resize=800%2C532&#038;ssl=1\" alt=\"\" width=\"800\" height=\"532\" srcset=\"https:\/\/i0.wp.com\/cdnoticias.com\/wp-content\/uploads\/2020\/10\/suprema-corte.jpg?resize=1024%2C681&amp;ssl=1 1024w, https:\/\/i0.wp.com\/cdnoticias.com\/wp-content\/uploads\/2020\/10\/suprema-corte.jpg?resize=300%2C199&amp;ssl=1 300w, https:\/\/i0.wp.com\/cdnoticias.com\/wp-content\/uploads\/2020\/10\/suprema-corte.jpg?resize=768%2C511&amp;ssl=1 768w, https:\/\/i0.wp.com\/cdnoticias.com\/wp-content\/uploads\/2020\/10\/suprema-corte.jpg?resize=272%2C182&amp;ssl=1 272w, https:\/\/i0.wp.com\/cdnoticias.com\/wp-content\/uploads\/2020\/10\/suprema-corte.jpg?w=1600&amp;ssl=1 1600w, https:\/\/i0.wp.com\/cdnoticias.com\/wp-content\/uploads\/2020\/10\/suprema-corte.jpg?w=2400&amp;ssl=1 2400w\" sizes=\"auto, (max-width: 800px) 100vw, 800px\" \/><\/p>\n<p>&nbsp;<\/p>\n<p>Se trata de la resoluci\u00f3n 61\/20, que tambi\u00e9n alcanza a los Juzgados de Paz de Castelli y Roque P\u00e9rez, distritos que tambi\u00e9n retrocedieron de fase ante el incremento de casos de coronavirus. \u201cLa Direcci\u00f3n de Justicia de Paz Letrada y las Secretar\u00edas competentes han manifestado su preocupaci\u00f3n\u201d, se advirti\u00f3 en el escrito, en el cual <strong>se enumer\u00f3 \u201cla existencia de circulaci\u00f3n local del virus\u201d, \u201cla necesidad de extremar las medidas que permitan la preservaci\u00f3n de la salud de todas las personas\u201d y \u201cla importancia de generar reglas claras de actuaci\u00f3n\u201d como fundamentos para disponer la \u201cretrocesi\u00f3n preventiva y provisional de la habilitaci\u00f3n del servicio de justicia en los citados municipios\u201d.<\/strong><\/p>\n<p>&nbsp;<\/p>\n<p><em><strong>Central de Noticias<\/strong><\/em> consult\u00f3 con diversas fuentes y al momento no se habr\u00edan registrado mayores cambios a nivel local, pero todo hace pensar que ser\u00e1 cuesti\u00f3n de tiempo ya que en el fallo <strong>la Suprema Corte tambi\u00e9n dispone la notificaci\u00f3n de esta resoluci\u00f3n tanto a la Procuraci\u00f3n General Bonaerense como a los municipios alcanzados por la directiva.<\/strong><\/p>\n","protected":false},"excerpt":{"rendered":"<p>En el fallo emitido en las \u00faltimas horas se advierte la \u201cpreocupaci\u00f3n\u201d ante la \u201ccirculaci\u00f3n local del virus\u201d, por lo<\/p>\n","protected":false},"author":3,"featured_media":1880,"comment_status":"closed","ping_status":"closed","sticky":false,"template":"","format":"standard","meta":{"_jetpack_memberships_contains_paid_content":false,"footnotes":""},"categories":[5,1],"tags":[],"class_list":["post-5182","post","type-post","status-publish","format-standard","has-post-thumbnail","hentry","category-informacion-general","category-portada"],"jetpack_featured_media_url":"https:\/\/i0.wp.com\/cdnoticias.com\/wp-content\/uploads\/2020\/09\/WhatsApp-Image-2020-08-31-at-16.11.41-2.jpeg?fit=1280%2C960&ssl=1","jetpack_sharing_enabled":true,"_links":{"self":[{"href":"https:\/\/cdnoticias.com\/index.php\/wp-json\/wp\/v2\/posts\/5182","targetHints":{"allow":["GET"]}}],"collection":[{"href":"https:\/\/cdnoticias.com\/index.php\/wp-json\/wp\/v2\/posts"}],"about":[{"href":"https:\/\/cdnoticias.com\/index.php\/wp-json\/wp\/v2\/types\/post"}],"author":[{"embeddable":true,"href":"https:\/\/cdnoticias.com\/index.php\/wp-json\/wp\/v2\/users\/3"}],"replies":[{"embeddable":true,"href":"https:\/\/cdnoticias.com\/index.php\/wp-json\/wp\/v2\/comments?post=5182"}],"version-history":[{"count":0,"href":"https:\/\/cdnoticias.com\/index.php\/wp-json\/wp\/v2\/posts\/5182\/revisions"}],"wp:featuredmedia":[{"embeddable":true,"href":"https:\/\/cdnoticias.com\/index.php\/wp-json\/wp\/v2\/media\/1880"}],"wp:attachment":[{"href":"https:\/\/cdnoticias.com\/index.php\/wp-json\/wp\/v2\/media?parent=5182"}],"wp:term":[{"taxonomy":"category","embeddable":true,"href":"https:\/\/cdnoticias.com\/index.php\/wp-json\/wp\/v2\/categories?post=5182"},{"taxonomy":"post_tag","embeddable":true,"href":"https:\/\/cdnoticias.com\/index.php\/wp-json\/wp\/v2\/tags?post=5182"}],"curies":[{"name":"wp","href":"https:\/\/api.w.org\/{rel}","templated":true}]}}