{"id":51798,"date":"2022-04-15T09:54:28","date_gmt":"2022-04-15T12:54:28","guid":{"rendered":"https:\/\/www.centraldenoticias.com.ar\/?p=51798"},"modified":"2022-04-15T09:54:28","modified_gmt":"2022-04-15T12:54:28","slug":"hubo-acuerdo-y-se-levanto-el-paro-de-transportistas-de-granos","status":"publish","type":"post","link":"https:\/\/cdnoticias.com\/index.php\/2022\/04\/15\/hubo-acuerdo-y-se-levanto-el-paro-de-transportistas-de-granos\/","title":{"rendered":"Hubo acuerdo y se levant\u00f3 el paro de transportistas de granos"},"content":{"rendered":"<p>Finalmente se resolvi\u00f3 un 20% total de aumento y la suspensi\u00f3n de la medida.<!--more--><\/p>\n<hr \/>\n<p>La <strong>Federaci\u00f3n de Transportadores Argentinos (Fetra)<\/strong> levant\u00f3 durante la noche de este jueves la medida de fuerza que ven\u00eda llevando adelante en <strong>reclamo de una mejora en los fletes y por el pleno abastecimiento de gasoil,<\/strong> luego de la reuni\u00f3n mantenida en la sede del Ministerio de Transporte de la Naci\u00f3n.<\/p>\n<p>&nbsp;<\/p>\n<p>Tras casi cuatro horas de reuni\u00f3n,<strong> se acord\u00f3 un aumento del 11% en la tarifa de referencia hasta el mes de marzo<\/strong>, mientras que, <strong>respecto a abril, los Acopiadores, la SRA y CRA ofrecieron un 5% a cuenta<\/strong>, en tanto que <strong>FETRA, CATAC, FADEEAC, FAETYL y Coninagro ofertaron un 9%,<\/strong> y finalmente <strong>se resolvi\u00f3 un 20% total<\/strong> y el levantamiento inmediato del paro.<\/p>\n<p>&nbsp;<\/p>\n<p>La diferencia entre las dos posturas ser\u00e1 tenida en cuenta para sostener futuros aumentos de estructura de costos en las conversaciones paritarias que se iniciar\u00e1n en mayo.<\/p>\n<p>&nbsp;<\/p>\n<p>Con presencia del<strong> Ministerio de Transporte<\/strong> en su rol de mediador entre ambas partes, estuvieron presentes el ministro Alexis Guerrera, el secretario de Gesti\u00f3n del Transporte, Diego Giuliano, la subsecretaria de Transporte Automotor, Laura Labat, el director de Transporte de Carga, Juan Manual Escudero; y el Jefe de Gabinete, \u00c1lvaro Errea.<\/p>\n<p>&nbsp;<\/p>\n<p>Adem\u00e1s, <strong>autoridades de la subsecretaria de Agricultura y representantes de CATAC, FADEEAC, FETRA, FAETYL, Coninagro, Federaci\u00f3n de Acopiadores, Sociedad Rural Argentina (SRA),<\/strong> entre otros.<\/p>\n<p>&nbsp;<\/p>\n<p>El encuentro se desarrollaba sin que se llegase a un acuerdo, hasta que se sum\u00f3 al equipo del Ministerio y a la charla, el ministro Guerrera, que ayud\u00f3 a destrabar y ordenar la conversaci\u00f3n, siendo determinante para el resultado satisfactorio de la reuni\u00f3n, indicaron las fuentes.<\/p>\n<p>&nbsp;<\/p>\n","protected":false},"excerpt":{"rendered":"<p>Finalmente se resolvi\u00f3 un 20% total de aumento y la suspensi\u00f3n de la medida.<\/p>\n","protected":false},"author":5,"featured_media":51389,"comment_status":"closed","ping_status":"closed","sticky":false,"template":"","format":"standard","meta":{"_jetpack_memberships_contains_paid_content":false,"footnotes":""},"categories":[6,1],"tags":[],"class_list":["post-51798","post","type-post","status-publish","format-standard","has-post-thumbnail","hentry","category-nacionales","category-portada"],"jetpack_featured_media_url":"https:\/\/i0.wp.com\/cdnoticias.com\/wp-content\/uploads\/2022\/04\/transportistas-de-granos-1068x601-1.jpg?fit=1068%2C601&ssl=1","jetpack_sharing_enabled":true,"_links":{"self":[{"href":"https:\/\/cdnoticias.com\/index.php\/wp-json\/wp\/v2\/posts\/51798","targetHints":{"allow":["GET"]}}],"collection":[{"href":"https:\/\/cdnoticias.com\/index.php\/wp-json\/wp\/v2\/posts"}],"about":[{"href":"https:\/\/cdnoticias.com\/index.php\/wp-json\/wp\/v2\/types\/post"}],"author":[{"embeddable":true,"href":"https:\/\/cdnoticias.com\/index.php\/wp-json\/wp\/v2\/users\/5"}],"replies":[{"embeddable":true,"href":"https:\/\/cdnoticias.com\/index.php\/wp-json\/wp\/v2\/comments?post=51798"}],"version-history":[{"count":0,"href":"https:\/\/cdnoticias.com\/index.php\/wp-json\/wp\/v2\/posts\/51798\/revisions"}],"wp:featuredmedia":[{"embeddable":true,"href":"https:\/\/cdnoticias.com\/index.php\/wp-json\/wp\/v2\/media\/51389"}],"wp:attachment":[{"href":"https:\/\/cdnoticias.com\/index.php\/wp-json\/wp\/v2\/media?parent=51798"}],"wp:term":[{"taxonomy":"category","embeddable":true,"href":"https:\/\/cdnoticias.com\/index.php\/wp-json\/wp\/v2\/categories?post=51798"},{"taxonomy":"post_tag","embeddable":true,"href":"https:\/\/cdnoticias.com\/index.php\/wp-json\/wp\/v2\/tags?post=51798"}],"curies":[{"name":"wp","href":"https:\/\/api.w.org\/{rel}","templated":true}]}}