{"id":51784,"date":"2022-04-15T08:18:32","date_gmt":"2022-04-15T11:18:32","guid":{"rendered":"https:\/\/www.centraldenoticias.com.ar\/?p=51784"},"modified":"2022-04-15T08:18:32","modified_gmt":"2022-04-15T11:18:32","slug":"maria-carmen-attadio-chicha-q-e-p-d","status":"publish","type":"post","link":"https:\/\/cdnoticias.com\/index.php\/2022\/04\/15\/maria-carmen-attadio-chicha-q-e-p-d\/","title":{"rendered":"Mar\u00eda Carmen Attadio \u201cChicha\u201d (Q.E.P.D.)"},"content":{"rendered":"<p>Falleci\u00f3 en Olavarr\u00eda el 15 de abril a los 83 a\u00f1os. Sus hijos Marcela Avalo, Susana Avalo, Carlos Avalo, Claudia Avalo, Jos\u00e9 Avalo y Carolina Attadio; sus nietos Yanina, Cristian y Ludmila Herrera; Mariana y Emilio Fern\u00e1ndez; Rocio, Nicol\u00e1s y Axel Avalo; Maite y Salome Avalo; Leonel y Camila Mend\u00eda; Joaqu\u00edn, Sebasti\u00e1n y Facundo Mart\u00ednez; sus bisnietos; sus yernos, nueras y dem\u00e1s deudos participan de su fallecimiento.<\/p>\n<p>&nbsp;<\/p>\n<p>Sus restos ser\u00e1n velados en avenida Pringles 3675 departamento &#8221;A&#8221; a partir de las 7:00 y ser\u00e1n inhumados en el cementerio Loma de Paz, este viernes a las 11:30. Vecina de barrio La Esperanza. Jubilada.<\/p>\n","protected":false},"excerpt":{"rendered":"<p>Falleci\u00f3 en Olavarr\u00eda el 15 de abril a los 83 a\u00f1os. Sus hijos Marcela Avalo, Susana Avalo, Carlos Avalo, Claudia<\/p>\n","protected":false},"author":5,"featured_media":51544,"comment_status":"closed","ping_status":"closed","sticky":false,"template":"","format":"standard","meta":{"_jetpack_memberships_contains_paid_content":false,"footnotes":""},"categories":[10],"tags":[],"class_list":["post-51784","post","type-post","status-publish","format-standard","has-post-thumbnail","hentry","category-necrologicas"],"jetpack_featured_media_url":"https:\/\/i0.wp.com\/cdnoticias.com\/wp-content\/uploads\/2022\/04\/necrologicas-390-x-240.jpg?fit=390%2C240&ssl=1","jetpack_sharing_enabled":true,"_links":{"self":[{"href":"https:\/\/cdnoticias.com\/index.php\/wp-json\/wp\/v2\/posts\/51784","targetHints":{"allow":["GET"]}}],"collection":[{"href":"https:\/\/cdnoticias.com\/index.php\/wp-json\/wp\/v2\/posts"}],"about":[{"href":"https:\/\/cdnoticias.com\/index.php\/wp-json\/wp\/v2\/types\/post"}],"author":[{"embeddable":true,"href":"https:\/\/cdnoticias.com\/index.php\/wp-json\/wp\/v2\/users\/5"}],"replies":[{"embeddable":true,"href":"https:\/\/cdnoticias.com\/index.php\/wp-json\/wp\/v2\/comments?post=51784"}],"version-history":[{"count":0,"href":"https:\/\/cdnoticias.com\/index.php\/wp-json\/wp\/v2\/posts\/51784\/revisions"}],"wp:featuredmedia":[{"embeddable":true,"href":"https:\/\/cdnoticias.com\/index.php\/wp-json\/wp\/v2\/media\/51544"}],"wp:attachment":[{"href":"https:\/\/cdnoticias.com\/index.php\/wp-json\/wp\/v2\/media?parent=51784"}],"wp:term":[{"taxonomy":"category","embeddable":true,"href":"https:\/\/cdnoticias.com\/index.php\/wp-json\/wp\/v2\/categories?post=51784"},{"taxonomy":"post_tag","embeddable":true,"href":"https:\/\/cdnoticias.com\/index.php\/wp-json\/wp\/v2\/tags?post=51784"}],"curies":[{"name":"wp","href":"https:\/\/api.w.org\/{rel}","templated":true}]}}