{"id":51783,"date":"2024-05-30T21:49:38","date_gmt":"2024-05-31T00:49:38","guid":{"rendered":"https:\/\/centraldeportes.com.ar\/?p=51783"},"modified":"2025-02-13T17:42:17","modified_gmt":"2025-02-13T20:42:17","slug":"zonal-u15-hubo-conferencia-para-presentar-el-certamen","status":"publish","type":"post","link":"https:\/\/cdnoticias.com\/index.php\/2024\/05\/30\/zonal-u15-hubo-conferencia-para-presentar-el-certamen\/","title":{"rendered":"Zonal U15: hubo conferencia para presentar el certamen"},"content":{"rendered":"<p>Entre s\u00e1bado y domingo en el Maxigimnasio del Parque Guerrero se llevar\u00e1 a cabo el Campeonato Zonal U15 y en la previa de lo que ser\u00e1 el primer certamen oficial en Olavarr\u00eda desde la refundaci\u00f3n de la Federaci\u00f3n de B\u00e1squet de la Provincia de Buenos Aires se realiz\u00f3 la conferencia de prensa.<!--more--><\/p>\n<hr \/>\n<p>La competencia que reunir\u00e1 a las Selecciones de Olavarr\u00eda, Tres Arroyos y Bah\u00eda Blanca en ambas ramas tuvo su lanzamiento oficial en la tarde de este jueves. Estuvieron presentes el presidente de la ABO, Gerardo Barrera e Ignacio Catanzaro, los entrenadores de ambos equipos, Diego Lancione por el masculino y Mat\u00edas Bucciarelli por el femenino y Juan Pablo Arouxet y Enzo Jarrie en representaci\u00f3n de la Municipalidad de Olavarr\u00eda.<\/p>\n<p>&nbsp;<\/p>\n<p>[soliloquy id=&#8221;51785&#8243;]<\/p>\n<p>&nbsp;<\/p>\n<p>El primero en hablar fue Gerardo Barrera que luego de destacar la importancia del trabajo realizado, agradeci\u00f3 \u201c<em>al Municipio que nos acompa\u00f1a en todos los procesos de selecciones, a Estudiantes que nos ha dado el espacio sin costo alguno y a los sponsors<\/em>\u201d.<\/p>\n<p>&nbsp;<\/p>\n<p>El cronograma:<\/p>\n<p>Maxigimnasio:<\/p>\n<p>S\u00e1bado:<br \/>\n17:00 hs.: Olavarr\u00eda \u2013 Bah\u00eda Blanca (Masculino)<br \/>\n19:00 hs.: Olavarr\u00eda \u2013 Bah\u00eda Blanca (Femenino)<\/p>\n<p>Domingo:<br \/>\n9:30 hs.: Tres Arroyos \u2013 perdedor partido 1 (Masculino)<br \/>\n11:30 hs.: Tres Arroyos \u2013 perdedor partido 2 (Femenino)<br \/>\n16:00 hs.: Tres Arroyos \u2013 Ganador partido 1 (Masculino)<br \/>\n18:00 hs.: Tres Arroyos \u2013 Ganador partido 1 (Femenino)<\/p>\n","protected":false},"excerpt":{"rendered":"<p>Entre s\u00e1bado y domingo en el Maxigimnasio del Parque Guerrero se llevar\u00e1 a cabo el Campeonato Zonal U15 y en<\/p>\n","protected":false},"author":96739694,"featured_media":161304,"comment_status":"closed","ping_status":"closed","sticky":false,"template":"","format":"standard","meta":{"_jetpack_memberships_contains_paid_content":false,"footnotes":""},"categories":[31,44,1],"tags":[],"class_list":["post-51783","post","type-post","status-publish","format-standard","has-post-thumbnail","hentry","category-basquet","category-inferiores-basquet","category-portada"],"jetpack_featured_media_url":"https:\/\/i0.wp.com\/cdnoticias.com\/wp-content\/uploads\/2024\/05\/zonal-abo-3.jpg?fit=1280%2C853&ssl=1","jetpack_sharing_enabled":true,"_links":{"self":[{"href":"https:\/\/cdnoticias.com\/index.php\/wp-json\/wp\/v2\/posts\/51783","targetHints":{"allow":["GET"]}}],"collection":[{"href":"https:\/\/cdnoticias.com\/index.php\/wp-json\/wp\/v2\/posts"}],"about":[{"href":"https:\/\/cdnoticias.com\/index.php\/wp-json\/wp\/v2\/types\/post"}],"author":[{"embeddable":true,"href":"https:\/\/cdnoticias.com\/index.php\/wp-json\/wp\/v2\/users\/96739694"}],"replies":[{"embeddable":true,"href":"https:\/\/cdnoticias.com\/index.php\/wp-json\/wp\/v2\/comments?post=51783"}],"version-history":[{"count":0,"href":"https:\/\/cdnoticias.com\/index.php\/wp-json\/wp\/v2\/posts\/51783\/revisions"}],"wp:featuredmedia":[{"embeddable":true,"href":"https:\/\/cdnoticias.com\/index.php\/wp-json\/wp\/v2\/media\/161304"}],"wp:attachment":[{"href":"https:\/\/cdnoticias.com\/index.php\/wp-json\/wp\/v2\/media?parent=51783"}],"wp:term":[{"taxonomy":"category","embeddable":true,"href":"https:\/\/cdnoticias.com\/index.php\/wp-json\/wp\/v2\/categories?post=51783"},{"taxonomy":"post_tag","embeddable":true,"href":"https:\/\/cdnoticias.com\/index.php\/wp-json\/wp\/v2\/tags?post=51783"}],"curies":[{"name":"wp","href":"https:\/\/api.w.org\/{rel}","templated":true}]}}