{"id":51773,"date":"2022-04-14T19:43:08","date_gmt":"2022-04-14T22:43:08","guid":{"rendered":"https:\/\/www.centraldenoticias.com.ar\/?p=51773"},"modified":"2022-04-15T08:43:21","modified_gmt":"2022-04-15T11:43:21","slug":"como-estara-el-tiempo-durante-el-fin-de-semana-largo","status":"publish","type":"post","link":"https:\/\/cdnoticias.com\/index.php\/2022\/04\/14\/como-estara-el-tiempo-durante-el-fin-de-semana-largo\/","title":{"rendered":"C\u00f3mo estar\u00e1 el tiempo durante el fin de semana largo"},"content":{"rendered":"<p>El pron\u00f3stico del Servicio Meteorol\u00f3gico Nacional anticipa que no habr\u00e1 lluvias. <!--more--><\/p>\n<hr \/>\n<p>El <strong>Servicio Meteorol\u00f3gico Nacional anticip\u00f3 que este fin de semana largo en Olavarr\u00eda no habr\u00e1 lluvias<\/strong> aunque estar\u00e1 <strong>parcialmente nublado el domingo 17 de abril.\u00a0<\/strong><\/p>\n<p>&nbsp;<\/p>\n<p>Seg\u00fan el pron\u00f3stico del tiempo, tanto el\u00a0 <strong>viernes 15 como el s\u00e1bado 16 el d\u00eda estar\u00e1 despejado llegando los 20\u00ba.<\/strong> Alrededor de la tarde y noche estar\u00e1 <em>ligeramente nublado bajando la temperatura a unos 13\u00ba.<\/em><\/p>\n<p>&nbsp;<\/p>\n<blockquote><p>Adem\u00e1s, no hay previsi\u00f3n de vientos fuertes, por lo que habr\u00e1 agradables jornadas en la semana santa 2022 en nuestra ciudad.<\/p><\/blockquote>\n<p>&nbsp;<\/p>\n<p>Por \u00faltimo el <strong>domingo por la tarde, la temperatura llegar\u00e1 a unos 22\u00ba.<\/strong><\/p>\n","protected":false},"excerpt":{"rendered":"<p>El pron\u00f3stico del Servicio Meteorol\u00f3gico Nacional anticipa que no habr\u00e1 lluvias.<\/p>\n","protected":false},"author":6,"featured_media":11877,"comment_status":"closed","ping_status":"closed","sticky":false,"template":"","format":"standard","meta":{"_jetpack_memberships_contains_paid_content":false,"footnotes":""},"categories":[5,1],"tags":[],"class_list":["post-51773","post","type-post","status-publish","format-standard","has-post-thumbnail","hentry","category-informacion-general","category-portada"],"jetpack_featured_media_url":"https:\/\/i0.wp.com\/cdnoticias.com\/wp-content\/uploads\/2021\/01\/olavarria.jpg?fit=839%2C500&ssl=1","jetpack_sharing_enabled":true,"_links":{"self":[{"href":"https:\/\/cdnoticias.com\/index.php\/wp-json\/wp\/v2\/posts\/51773","targetHints":{"allow":["GET"]}}],"collection":[{"href":"https:\/\/cdnoticias.com\/index.php\/wp-json\/wp\/v2\/posts"}],"about":[{"href":"https:\/\/cdnoticias.com\/index.php\/wp-json\/wp\/v2\/types\/post"}],"author":[{"embeddable":true,"href":"https:\/\/cdnoticias.com\/index.php\/wp-json\/wp\/v2\/users\/6"}],"replies":[{"embeddable":true,"href":"https:\/\/cdnoticias.com\/index.php\/wp-json\/wp\/v2\/comments?post=51773"}],"version-history":[{"count":0,"href":"https:\/\/cdnoticias.com\/index.php\/wp-json\/wp\/v2\/posts\/51773\/revisions"}],"wp:featuredmedia":[{"embeddable":true,"href":"https:\/\/cdnoticias.com\/index.php\/wp-json\/wp\/v2\/media\/11877"}],"wp:attachment":[{"href":"https:\/\/cdnoticias.com\/index.php\/wp-json\/wp\/v2\/media?parent=51773"}],"wp:term":[{"taxonomy":"category","embeddable":true,"href":"https:\/\/cdnoticias.com\/index.php\/wp-json\/wp\/v2\/categories?post=51773"},{"taxonomy":"post_tag","embeddable":true,"href":"https:\/\/cdnoticias.com\/index.php\/wp-json\/wp\/v2\/tags?post=51773"}],"curies":[{"name":"wp","href":"https:\/\/api.w.org\/{rel}","templated":true}]}}