{"id":51757,"date":"2022-04-15T08:29:27","date_gmt":"2022-04-15T11:29:27","guid":{"rendered":"https:\/\/www.centraldenoticias.com.ar\/?p=51757"},"modified":"2022-04-15T08:29:27","modified_gmt":"2022-04-15T11:29:27","slug":"editorial-delaltillo-anuncio-dos-nuevos-lanzamientos","status":"publish","type":"post","link":"https:\/\/cdnoticias.com\/index.php\/2022\/04\/15\/editorial-delaltillo-anuncio-dos-nuevos-lanzamientos\/","title":{"rendered":"Editorial Delaltillo anunci\u00f3 dos nuevos lanzamientos"},"content":{"rendered":"<p>Los libros son de los autores Leo Lovecchio y Gustavo Ciuffo. Los detalles. <!--more--><\/p>\n<hr \/>\n<p>&nbsp;<\/p>\n<p>Con los t\u00edtulos <strong>\u201cMemorias de un abismo\u201d<\/strong> de<strong> Leo Lovecchio<\/strong> y \u201c<strong>Las viudas de Kafka\u201d de Gustavo Ciuffo,<\/strong> la <strong>Editorial Delaltillo<\/strong> sigue sumando obras a su cat\u00e1logo. En esta oportunidad se trata adem\u00e1s de un <strong>relanzamiento de estas ediciones independientes<\/strong> ya que los lectores podr\u00e1n conocer una<strong> nueva est\u00e9tica<\/strong> en los libros.\u00a0 En esta nueva etapa se presentar\u00e1n sucesivamente las colecciones Novela, Poes\u00eda, Cuentos y Serendipia.<\/p>\n<p>&nbsp;<\/p>\n<p>En el caso de \u201c<strong>Memorias de un abismo<\/strong>\u201d, que inaugura la colecci\u00f3n Serendipia, el autor <strong>Leo Lovecchio<\/strong> subtitula su obra \u201c<strong>Experimentar el vac\u00edo para poder llenarse\u201d<\/strong> y utiliza la ficci\u00f3n para el desarrollo de sus an\u00e9cdotas.<\/p>\n<p>&nbsp;<\/p>\n<p><strong>Gustavo Ciuffo,<\/strong> con los cuentos de \u201c<strong>Las viudas de Kafka\u201d<\/strong> suma su <strong>segundo t\u00edtulo en esta editorial<\/strong> donde public\u00f3 la novela <strong>\u201c<em>Una especie de insomnio<\/em>\u201d<\/strong>. Estos cuentos conforman una s\u00f3lida obra y a textos in\u00e9ditos se suman algunos que han recibido premios y reconocimientos internacionales.<\/p>\n<p>&nbsp;<\/p>\n<p>Las <strong>ediciones independientes Delaltillo<\/strong> dan as\u00ed un nuevo paso en la b\u00fasqueda de la representaci\u00f3n de autores de Olavarr\u00eda y la regi\u00f3n. La editorial se puede encontrar en <strong>Instagram como delaltilloediciones,<\/strong> en <strong>Facebook como Letras del altillo<\/strong> o al <strong>mail delaltilloediciones@gmail.com<\/strong><\/p>\n","protected":false},"excerpt":{"rendered":"<p>Los libros son de los autores Leo Lovecchio y Gustavo Ciuffo. Los detalles.<\/p>\n","protected":false},"author":6,"featured_media":51760,"comment_status":"closed","ping_status":"closed","sticky":false,"template":"","format":"standard","meta":{"_jetpack_memberships_contains_paid_content":false,"footnotes":""},"categories":[9,1],"tags":[],"class_list":["post-51757","post","type-post","status-publish","format-standard","has-post-thumbnail","hentry","category-cultura","category-portada"],"jetpack_featured_media_url":"https:\/\/i0.wp.com\/cdnoticias.com\/wp-content\/uploads\/2022\/04\/Diseno-sin-titulo-2-1.jpg?fit=1920%2C1080&ssl=1","jetpack_sharing_enabled":true,"_links":{"self":[{"href":"https:\/\/cdnoticias.com\/index.php\/wp-json\/wp\/v2\/posts\/51757","targetHints":{"allow":["GET"]}}],"collection":[{"href":"https:\/\/cdnoticias.com\/index.php\/wp-json\/wp\/v2\/posts"}],"about":[{"href":"https:\/\/cdnoticias.com\/index.php\/wp-json\/wp\/v2\/types\/post"}],"author":[{"embeddable":true,"href":"https:\/\/cdnoticias.com\/index.php\/wp-json\/wp\/v2\/users\/6"}],"replies":[{"embeddable":true,"href":"https:\/\/cdnoticias.com\/index.php\/wp-json\/wp\/v2\/comments?post=51757"}],"version-history":[{"count":0,"href":"https:\/\/cdnoticias.com\/index.php\/wp-json\/wp\/v2\/posts\/51757\/revisions"}],"wp:featuredmedia":[{"embeddable":true,"href":"https:\/\/cdnoticias.com\/index.php\/wp-json\/wp\/v2\/media\/51760"}],"wp:attachment":[{"href":"https:\/\/cdnoticias.com\/index.php\/wp-json\/wp\/v2\/media?parent=51757"}],"wp:term":[{"taxonomy":"category","embeddable":true,"href":"https:\/\/cdnoticias.com\/index.php\/wp-json\/wp\/v2\/categories?post=51757"},{"taxonomy":"post_tag","embeddable":true,"href":"https:\/\/cdnoticias.com\/index.php\/wp-json\/wp\/v2\/tags?post=51757"}],"curies":[{"name":"wp","href":"https:\/\/api.w.org\/{rel}","templated":true}]}}