{"id":51690,"date":"2022-04-13T18:15:55","date_gmt":"2022-04-13T21:15:55","guid":{"rendered":"https:\/\/www.centraldenoticias.com.ar\/?p=51690"},"modified":"2022-04-13T19:03:30","modified_gmt":"2022-04-13T22:03:30","slug":"viviendas-tuvi-fuertes-criticas-en-el-hcd-y-pedido-de-explicacion-a-concejales","status":"publish","type":"post","link":"https:\/\/cdnoticias.com\/index.php\/2022\/04\/13\/viviendas-tuvi-fuertes-criticas-en-el-hcd-y-pedido-de-explicacion-a-concejales\/","title":{"rendered":"Viviendas TUVI: Fuertes cr\u00edticas en el HCD y pedido de explicaci\u00f3n a concejales"},"content":{"rendered":"<p>El Frente de Todos y otros bloques se\u00f1alaron falencias en el expediente y en la obra realizada en el barrio Pickelado. \u201cLos fundamentos de la extensi\u00f3n del plazo de obra eran muy livianitos\u201d dijo Maximiliano Wesner. <!--more--><\/p>\n<hr \/>\n<p>En la tercera sesi\u00f3n ordinaria del Concejo Deliberante,<strong> un repudio ante una agresi\u00f3n de dos encargados de la empresa constructora de las viviendas industriales Tuvi a un equipo de periodistas de Canal Verte gener\u00f3 cr\u00edticas al Municipio y un pedido de explicaciones sobre lo que sucede con los trabajos all\u00ed.<\/strong><\/p>\n<p>&nbsp;<\/p>\n<p>El proyecto que expresa repudio y rechazo a los ataques recibidos a los periodistas fue presentado por el Frente de Todos, y el concejal <strong>Maximiliano Wesner fue el encargado de explicar el proyecto<\/strong> y expresarse sobre los hechos de violencia que sufrieron dos trabajadores durante una cobertura period\u00edstica: <em>\u201cLamentamos esos hechos que fueron p\u00fablicos a trav\u00e9s de un video. Lamentamos que sucedan en Olavarr\u00eda, m\u00e1s cuando se trata de una obra p\u00fablica que tiene por objetivo el sue\u00f1o de la casa propia\u201d.<\/em><\/p>\n<p>&nbsp;<\/p>\n<blockquote><p>\u201c\u00bfPor qu\u00e9 tanta violencia y esas palabras tan enf\u00e1ticas si fueron a trabajar, a ver como estaba la obra, como ven\u00eda avanzando? Desde el municipio hab\u00edan comunicado durante esos d\u00edas la extensi\u00f3n de 60 d\u00edas m\u00e1s para su terminaci\u00f3n\u201d, agreg\u00f3 el concejal.<\/p><\/blockquote>\n<p>&nbsp;<\/p>\n<p>A continuaci\u00f3n, con respecto al expediente de la licitaci\u00f3n Wesner destac\u00f3:<em> \u201cLa verdad mientras miraba el expediente ataba los hechos de violencia a lo que estaba viendo, nos llamaron la atenci\u00f3n algunas cuestiones, <strong>los fundamentos de la extensi\u00f3n del plazo de obra eran muy livianitos.\u00a0 Lo que m\u00e1s me llamo la atenci\u00f3n fueron los antecedentes de la persona que est\u00e1 a cargo de la obra, menciona como referencia que realiz\u00f3 una pileta de hormig\u00f3n, una p\u00e9rgola y una casa en un country.<\/strong> Estamos entregando el sue\u00f1o de la casa propia de 20 familias a una persona que se dio de alta como empleador en julio del 2021, casi el mismo mes que se iniciaba la licitaci\u00f3n\u201d.<\/em><\/p>\n<p>&nbsp;<\/p>\n<p>Asimismo, enfatiz\u00f3:<em> \u201cHoy hay una reuni\u00f3n con adjudicatarios, m\u00ednimamente que les expliquen algunas de estas cosas que figuran en el expediente. <strong>Nosotros solicitamos que el Secretario de Mantenimiento y Obras P\u00fablicas Julio Ferraro venga al Concejo para que exponga sobre algunas cuestiones porque la verdad yo no le encuentro respuestas.<\/strong> Miro el contrato, miro el expediente y todav\u00eda no hay ninguna multa. Uno empieza a entender porque no quieren que se controle y cuando va un medio de comunicaci\u00f3n lo sacan a las patadas\u201d.<\/em><\/p>\n<p>&nbsp;<\/p>\n<p><img data-recalc-dims=\"1\" loading=\"lazy\" decoding=\"async\" class=\"alignnone size-large wp-image-51692\" src=\"https:\/\/i0.wp.com\/cdnoticias.com\/wp-content\/uploads\/2022\/04\/WhatsApp-Image-2022-04-13-at-1.53.32-PM.jpeg?resize=800%2C570&#038;ssl=1\" alt=\"\" width=\"800\" height=\"570\" srcset=\"https:\/\/i0.wp.com\/cdnoticias.com\/wp-content\/uploads\/2022\/04\/WhatsApp-Image-2022-04-13-at-1.53.32-PM.jpeg?resize=1024%2C730&amp;ssl=1 1024w, https:\/\/i0.wp.com\/cdnoticias.com\/wp-content\/uploads\/2022\/04\/WhatsApp-Image-2022-04-13-at-1.53.32-PM.jpeg?resize=300%2C214&amp;ssl=1 300w, https:\/\/i0.wp.com\/cdnoticias.com\/wp-content\/uploads\/2022\/04\/WhatsApp-Image-2022-04-13-at-1.53.32-PM.jpeg?resize=768%2C547&amp;ssl=1 768w, https:\/\/i0.wp.com\/cdnoticias.com\/wp-content\/uploads\/2022\/04\/WhatsApp-Image-2022-04-13-at-1.53.32-PM.jpeg?w=1280&amp;ssl=1 1280w\" sizes=\"auto, (max-width: 800px) 100vw, 800px\" \/><\/p>\n<p>&nbsp;<\/p>\n<p><strong>Bel\u00e9n Vergel (UCR)<\/strong> por su parte, respondi\u00f3 a Wesner al se\u00f1alar que<em> \u201ceste expediente era por la violencia que hab\u00edan sufrido los periodistas, no estoy de acuerdo con el fundamento del proyecto\u201d<\/em> con respecto a las cr\u00edticas, aunque recalc\u00f3 nuevamente en tener \u201csolidaridad con los periodistas\u201d.<\/p>\n<p>&nbsp;<\/p>\n<p>A su t\u00e9rmino, quien tambi\u00e9n tuvo duros t\u00e9rminos con respecto al tema fue<strong> Celeste Arouxet (Ahora Olavarr\u00eda)<\/strong> quien dijo qu<em>e \u201clo que me da verg\u00fcenza es el expediente licitatorio\u201d<\/em>. Cabe decir que se solidariz\u00f3 con los periodistas agredidos.<\/p>\n<p>&nbsp;<\/p>\n<blockquote><p>\u201c<em>El alta de la empresa lo ten\u00eda en noviembre de 2020, el alta del empleador en julio de 2021\u201d<\/em> dijo y cuestion\u00f3 que la empresa se present\u00f3 y no ten\u00eda empleados, ni respaldo patrimonial: <strong><em>\u201cSi pasa algo quien lo paga? \u00bfQu\u00e9 le vas a pedir a una empresa que no tiene respaldo patrimonial?\u201d<\/em><\/strong><\/p><\/blockquote>\n<p>&nbsp;<\/p>\n<p><strong>Guillermina Amespil (Juntos)<\/strong> aport\u00f3 que <em>\u201cesta ma\u00f1ana se reunieron los adjudicatarios con el secretario de obras p\u00fablicas\u201d<\/em> y<strong><em> \u201casumieron el compromiso de recorrer la obra con los adjudicatarios. Me parece que el tema est\u00e1 tomando una mayor claridad\u201d.<\/em><\/strong> Finalmente, desde su espacio tambi\u00e9n repudiaron <em>\u201cla situaci\u00f3n de violencia\u201d.<\/em><\/p>\n<p>&nbsp;<\/p>\n<p><img data-recalc-dims=\"1\" loading=\"lazy\" decoding=\"async\" class=\"alignnone size-large wp-image-51691\" src=\"https:\/\/i0.wp.com\/cdnoticias.com\/wp-content\/uploads\/2022\/04\/WhatsApp-Image-2022-04-13-at-1.53.33-PM.jpeg?resize=800%2C440&#038;ssl=1\" alt=\"\" width=\"800\" height=\"440\" srcset=\"https:\/\/i0.wp.com\/cdnoticias.com\/wp-content\/uploads\/2022\/04\/WhatsApp-Image-2022-04-13-at-1.53.33-PM.jpeg?resize=1024%2C563&amp;ssl=1 1024w, https:\/\/i0.wp.com\/cdnoticias.com\/wp-content\/uploads\/2022\/04\/WhatsApp-Image-2022-04-13-at-1.53.33-PM.jpeg?resize=300%2C165&amp;ssl=1 300w, https:\/\/i0.wp.com\/cdnoticias.com\/wp-content\/uploads\/2022\/04\/WhatsApp-Image-2022-04-13-at-1.53.33-PM.jpeg?resize=768%2C422&amp;ssl=1 768w, https:\/\/i0.wp.com\/cdnoticias.com\/wp-content\/uploads\/2022\/04\/WhatsApp-Image-2022-04-13-at-1.53.33-PM.jpeg?w=1280&amp;ssl=1 1280w\" sizes=\"auto, (max-width: 800px) 100vw, 800px\" \/><\/p>\n<p>&nbsp;<\/p>\n<p>Para cerrar, en un proyecto que fue aprobado por unanimidad,<strong> el concejal Juan S\u00e1nchez<\/strong> remat\u00f3: <em>\u201cEs un hecho grav\u00edsimo, se ataca a un medio por preguntar, los amenazan y se lo intenta desacreditar. A ese mecanismo grav\u00edsimo festejo que lo estemos repudiando todos y es lo que se vota, pero de ninguna manera podemos escindir lo que votamos de los hechos que generan esto<strong>. Lamentamos que Ferraro no venga al HCD, desestimando al Concejo, excluy\u00e9ndonos de la posibilidad de preguntar. Us\u00f3 a los medios para decir que hab\u00eda recibido a los adjudicatarios y minti\u00f3, ahora si los recibi\u00f3, la otra vez era mentira<\/strong>\u201d.<\/em><\/p>\n","protected":false},"excerpt":{"rendered":"<p>El Frente de Todos y otros bloques se\u00f1alaron falencias en el expediente y en la obra realizada en el barrio<\/p>\n","protected":false},"author":2,"featured_media":51693,"comment_status":"closed","ping_status":"closed","sticky":false,"template":"","format":"standard","meta":{"_jetpack_memberships_contains_paid_content":false,"footnotes":""},"categories":[4,1],"tags":[],"class_list":["post-51690","post","type-post","status-publish","format-standard","has-post-thumbnail","hentry","category-politica","category-portada"],"jetpack_featured_media_url":"https:\/\/i0.wp.com\/cdnoticias.com\/wp-content\/uploads\/2022\/04\/WhatsApp-Image-2022-04-13-at-5.05.45-PM.jpeg?fit=960%2C586&ssl=1","jetpack_sharing_enabled":true,"_links":{"self":[{"href":"https:\/\/cdnoticias.com\/index.php\/wp-json\/wp\/v2\/posts\/51690","targetHints":{"allow":["GET"]}}],"collection":[{"href":"https:\/\/cdnoticias.com\/index.php\/wp-json\/wp\/v2\/posts"}],"about":[{"href":"https:\/\/cdnoticias.com\/index.php\/wp-json\/wp\/v2\/types\/post"}],"author":[{"embeddable":true,"href":"https:\/\/cdnoticias.com\/index.php\/wp-json\/wp\/v2\/users\/2"}],"replies":[{"embeddable":true,"href":"https:\/\/cdnoticias.com\/index.php\/wp-json\/wp\/v2\/comments?post=51690"}],"version-history":[{"count":0,"href":"https:\/\/cdnoticias.com\/index.php\/wp-json\/wp\/v2\/posts\/51690\/revisions"}],"wp:featuredmedia":[{"embeddable":true,"href":"https:\/\/cdnoticias.com\/index.php\/wp-json\/wp\/v2\/media\/51693"}],"wp:attachment":[{"href":"https:\/\/cdnoticias.com\/index.php\/wp-json\/wp\/v2\/media?parent=51690"}],"wp:term":[{"taxonomy":"category","embeddable":true,"href":"https:\/\/cdnoticias.com\/index.php\/wp-json\/wp\/v2\/categories?post=51690"},{"taxonomy":"post_tag","embeddable":true,"href":"https:\/\/cdnoticias.com\/index.php\/wp-json\/wp\/v2\/tags?post=51690"}],"curies":[{"name":"wp","href":"https:\/\/api.w.org\/{rel}","templated":true}]}}