{"id":51678,"date":"2022-04-13T20:58:28","date_gmt":"2022-04-13T23:58:28","guid":{"rendered":"https:\/\/www.centraldenoticias.com.ar\/?p=51678"},"modified":"2022-04-14T07:42:12","modified_gmt":"2022-04-14T10:42:12","slug":"valicenti-participo-junto-a-la-vicepresidenta-cristina-fernandez-de-kirchner-en-la-asamblea-parlamentaria-eurolat","status":"publish","type":"post","link":"https:\/\/cdnoticias.com\/index.php\/2022\/04\/13\/valicenti-participo-junto-a-la-vicepresidenta-cristina-fernandez-de-kirchner-en-la-asamblea-parlamentaria-eurolat\/","title":{"rendered":"Valicenti particip\u00f3 junto a Cristina Fern\u00e1ndez en la Asamblea Parlamentaria EuroLat"},"content":{"rendered":"<p>El acto se llev\u00f3 adelante en el Centro Cultural Kirchner (CCK) bajo el lema \u201cUna recuperaci\u00f3n econ\u00f3mica justa e inclusiva en paz\u201d.\u00a0 <!--more--><\/p>\n<hr \/>\n<p>&nbsp;<\/p>\n<p>El <strong>presidente del bloque de Diputados del Frente de Todos en la provincia, C\u00e9sar Valicenti,<\/strong> particip\u00f3 de la <strong>Asamblea Parlamentaria Eurolat<\/strong> encabezada por la Vicepresidenta de la Naci\u00f3n, <strong>Cristina Fern\u00e1ndez de Kirchner<\/strong>, junto a 75 eurodiputados y 75 representantes de los parlamentos de Am\u00e9rica Latina y el Caribe.<\/p>\n<p>&nbsp;<\/p>\n<p>El acto se llev\u00f3 adelante en el <strong>Centro Cultural Kirchner (CCK) bajo el lema \u201cUna recuperaci\u00f3n econ\u00f3mica justa e inclusiva en paz\u201d<\/strong>. Cont\u00f3\u00a0con la participaci\u00f3n de Oscar Dar\u00edo P\u00e9rez Pineda, miembro de la C\u00e1mara de Representantes de Colombia y Co-Presidente de Eurolat por el componente latinoamericano; Javi L\u00f3pez, Eurodiputado y Co-Presidente de Eurolat por el componente europeo.<\/p>\n<p>&nbsp;<\/p>\n<p>En ese sentido, el diputado provincial <strong>C\u00e9sar Valicenti,<\/strong> <strong>destac\u00f3 el discurso de la Vicepresidenta de la Naci\u00f3n,<\/strong> Cristina Fern\u00e1ndez de Kirchner, \u201crevaloriz\u00f3 el rol del Estado, <strong>escuchar a Cristina es fundamental para pensar el mundo que nos toca vivir<\/strong> y marca la agenda para pensar pol\u00edticas p\u00fablicas que garanticen mejoras para las mayor\u00edas\u201d.<\/p>\n<p>&nbsp;<\/p>\n<p><img data-recalc-dims=\"1\" loading=\"lazy\" decoding=\"async\" class=\"aligncenter wp-image-51680 size-large\" src=\"https:\/\/i0.wp.com\/cdnoticias.com\/wp-content\/uploads\/2022\/04\/WhatsApp-Image-2022-04-13-at-5.06.22-PM.jpeg?resize=800%2C442&#038;ssl=1\" alt=\"\" width=\"800\" height=\"442\" srcset=\"https:\/\/i0.wp.com\/cdnoticias.com\/wp-content\/uploads\/2022\/04\/WhatsApp-Image-2022-04-13-at-5.06.22-PM.jpeg?resize=1024%2C566&amp;ssl=1 1024w, https:\/\/i0.wp.com\/cdnoticias.com\/wp-content\/uploads\/2022\/04\/WhatsApp-Image-2022-04-13-at-5.06.22-PM.jpeg?resize=300%2C166&amp;ssl=1 300w, https:\/\/i0.wp.com\/cdnoticias.com\/wp-content\/uploads\/2022\/04\/WhatsApp-Image-2022-04-13-at-5.06.22-PM.jpeg?resize=768%2C425&amp;ssl=1 768w, https:\/\/i0.wp.com\/cdnoticias.com\/wp-content\/uploads\/2022\/04\/WhatsApp-Image-2022-04-13-at-5.06.22-PM.jpeg?w=1280&amp;ssl=1 1280w\" sizes=\"auto, (max-width: 800px) 100vw, 800px\" \/><\/p>\n<p>&nbsp;<\/p>\n<p><strong>\u201cCristina da c\u00e1tedra, plantea la insuficiencia y los desaf\u00edos de nuevas instituciones<\/strong>, como tambi\u00e9n plantea <strong>profundas reflexiones<\/strong> sobre el avance de la tecnolog\u00eda, la concentraci\u00f3n econ\u00f3mica, la desigualdad, y la incompatibilidad entre libre mercado como lo entienden los poderes dominantes y la democracia\u201d, remarc\u00f3 el legislador olavarriense sobre el discurso de la Vicepresidenta.<\/p>\n<p>&nbsp;<\/p>\n<p>Al referirse al rol del Estado durante la emergencia sanitaria<strong>, Cristina Fern\u00e1ndez de Kirchner<\/strong> asever\u00f3 que &#8220;la pandemia vino a reinstalar la idea del Estado&#8221; y se pregunt\u00f3: &#8220;<strong>\u00bfAlguien se ha preguntado lo que hubiera sido de la vida de todos si los Estados no hubieran intervenido construyendo hospitales y negociando vacunas para salvarnos?&#8221;.<\/strong><\/p>\n<p>&nbsp;<\/p>\n<p>&#8220;<strong>Que alguien siga afirmando que el Estado no es importante en la vida de las personas, es un necio o un c\u00ednico, que los hay de los dos<\/strong>&#8220;, sostuvo la expresidenta.<\/p>\n<p>&nbsp;<\/p>\n<p>Por otra parte, Cristina remarc\u00f3 que \u201cen el mundo, y en nuestro pa\u00eds, durante la pandemia el sector privado recibi\u00f3 todo tipo de ayuda. De car\u00e1cter financiero, fiscal, crediticio. Sin embargo, ante esta otra tragedia que estamos viviendo hoy, de una guerra, el mercado nos contesta con que no importa&#8221;, apunt\u00f3 la vicepresidenta.<\/p>\n<p>&nbsp;<\/p>\n<p>&#8220;Nos dicen &#8216;son mis ganancias, es mi rentabilidad y los dem\u00e1s que revienten&#8217;. No vale as\u00ed. Si cuando nos necesitaste te pagamos salarios, te perdonamos cr\u00e9dito, se redujeron impuestos, ahora que necesitamos para el pueblo, para la sociedad, me parece que estas son las cosas que debieran discutirse&#8221;, finaliz\u00f3 la titular del Senado.<\/p>\n","protected":false},"excerpt":{"rendered":"<p>El acto se llev\u00f3 adelante en el Centro Cultural Kirchner (CCK) bajo el lema \u201cUna recuperaci\u00f3n econ\u00f3mica justa e inclusiva<\/p>\n","protected":false},"author":6,"featured_media":51679,"comment_status":"closed","ping_status":"closed","sticky":false,"template":"","format":"standard","meta":{"_jetpack_memberships_contains_paid_content":false,"footnotes":""},"categories":[4,1],"tags":[],"class_list":["post-51678","post","type-post","status-publish","format-standard","has-post-thumbnail","hentry","category-politica","category-portada"],"jetpack_featured_media_url":"https:\/\/i0.wp.com\/cdnoticias.com\/wp-content\/uploads\/2022\/04\/WhatsApp-Image-2022-04-13-at-5.06.25-PM.jpeg?fit=1200%2C675&ssl=1","jetpack_sharing_enabled":true,"_links":{"self":[{"href":"https:\/\/cdnoticias.com\/index.php\/wp-json\/wp\/v2\/posts\/51678","targetHints":{"allow":["GET"]}}],"collection":[{"href":"https:\/\/cdnoticias.com\/index.php\/wp-json\/wp\/v2\/posts"}],"about":[{"href":"https:\/\/cdnoticias.com\/index.php\/wp-json\/wp\/v2\/types\/post"}],"author":[{"embeddable":true,"href":"https:\/\/cdnoticias.com\/index.php\/wp-json\/wp\/v2\/users\/6"}],"replies":[{"embeddable":true,"href":"https:\/\/cdnoticias.com\/index.php\/wp-json\/wp\/v2\/comments?post=51678"}],"version-history":[{"count":0,"href":"https:\/\/cdnoticias.com\/index.php\/wp-json\/wp\/v2\/posts\/51678\/revisions"}],"wp:featuredmedia":[{"embeddable":true,"href":"https:\/\/cdnoticias.com\/index.php\/wp-json\/wp\/v2\/media\/51679"}],"wp:attachment":[{"href":"https:\/\/cdnoticias.com\/index.php\/wp-json\/wp\/v2\/media?parent=51678"}],"wp:term":[{"taxonomy":"category","embeddable":true,"href":"https:\/\/cdnoticias.com\/index.php\/wp-json\/wp\/v2\/categories?post=51678"},{"taxonomy":"post_tag","embeddable":true,"href":"https:\/\/cdnoticias.com\/index.php\/wp-json\/wp\/v2\/tags?post=51678"}],"curies":[{"name":"wp","href":"https:\/\/api.w.org\/{rel}","templated":true}]}}