{"id":51674,"date":"2022-04-13T17:19:11","date_gmt":"2022-04-13T20:19:11","guid":{"rendered":"https:\/\/www.centraldenoticias.com.ar\/?p=51674"},"modified":"2022-04-13T17:19:11","modified_gmt":"2022-04-13T20:19:11","slug":"la-fio-entrego-papel-y-carton-a-la-cooperativa-viento-en-contra","status":"publish","type":"post","link":"https:\/\/cdnoticias.com\/index.php\/2022\/04\/13\/la-fio-entrego-papel-y-carton-a-la-cooperativa-viento-en-contra\/","title":{"rendered":"La FIO entreg\u00f3 papel y cart\u00f3n a la Cooperativa Viento en Contra"},"content":{"rendered":"<p>La organizaci\u00f3n nuclea a recuperadores urbanos de materiales reciclables. Se encontraron papeles que datan de hasta tres d\u00e9cadas atr\u00e1s.<!--more--><\/p>\n<hr \/>\n<p>&nbsp;<\/p>\n<p>La <strong>Facultad de Ingenier\u00eda entreg\u00f3 una importante cantidad de material a la Cooperativa Viento en Contra<\/strong>, organizaci\u00f3n que<strong> nuclea a recuperadores\/as urbanos\/as de materiales reciclables.<\/strong><\/p>\n<p>&nbsp;<\/p>\n<p>La iniciativa surgi\u00f3 de una reorganizaci\u00f3n en oficinas y laboratorios. Entre el <strong>material recolectado por la FIO hab\u00eda documentos de m\u00e1s de tres d\u00e9cadas<\/strong> que fue clasificado por docentes del <strong>Departamento de Ingenier\u00eda Qu\u00edmica,<\/strong> \u00e1rea que con la presencialidad plena atraviesa una saludable transformaci\u00f3n de espacios y din\u00e1micas de trabajo.<\/p>\n<p>&nbsp;<\/p>\n<p>Parciales, informes de laboratorio, libros de la d\u00e9cada del \u201880 que forman parte de otros tiempos encontraron otro sentido: <strong>revalorizar y contribuir con el trabajo de cartoneros y cartoneras ante la necesidad laboral.<\/strong><\/p>\n<p>&nbsp;<\/p>\n<p>&nbsp;<\/p>\n<p><img data-recalc-dims=\"1\" loading=\"lazy\" decoding=\"async\" class=\"aligncenter wp-image-51675 size-full\" src=\"https:\/\/i0.wp.com\/cdnoticias.com\/wp-content\/uploads\/2022\/04\/01.jpg?resize=800%2C367&#038;ssl=1\" alt=\"\" width=\"800\" height=\"367\" srcset=\"https:\/\/i0.wp.com\/cdnoticias.com\/wp-content\/uploads\/2022\/04\/01.jpg?w=1000&amp;ssl=1 1000w, https:\/\/i0.wp.com\/cdnoticias.com\/wp-content\/uploads\/2022\/04\/01.jpg?resize=300%2C138&amp;ssl=1 300w, https:\/\/i0.wp.com\/cdnoticias.com\/wp-content\/uploads\/2022\/04\/01.jpg?resize=768%2C353&amp;ssl=1 768w\" sizes=\"auto, (max-width: 800px) 100vw, 800px\" \/><\/p>\n<p>&nbsp;<\/p>\n<p>El <strong>nexo entre la FIO y la Cooperativa est\u00e1 m\u00e1s que consolidado<\/strong>, a partir de los proyectos de seguridad, soberan\u00eda energ\u00e9tica, alimentaria y reciclaje con inclusi\u00f3n social que junto a otras instituciones universitarias y sociales surgieron a lo largo de los a\u00f1os <strong>desde fines de 2019<\/strong>. En el predio de Bol\u00edvar al 900, la cooperativa de trabajo <strong>clasifica, acopla y comercializa el material reciclable.<\/strong><\/p>\n<p>&nbsp;<\/p>\n<p>Adem\u00e1s del rol ambiental, desde el grupo de m\u00e1s de 20 docentes y no docentes que formaron parte de la log\u00edstica, se destaca la inclusi\u00f3n que se desprende al <strong>contribuir con diferentes acciones a los ingresos econ\u00f3micos de las familias que viven de la recuperaci\u00f3n urbana de residuos.<\/strong><\/p>\n<p>&nbsp;<\/p>\n<p>&#8220;Tambi\u00e9n<strong> fue movilizante revisar la historia de la Facultad en el proceso de limpieza de espacios y laboratorios. Fue muy simb\u00f3lico inspeccionar 30 a\u00f1os de historia,<\/strong> la herencia legada a las nuevas generaciones de docentes que con criterios m\u00e1s actuales revis\u00f3 documentos, bibliograf\u00eda, parciales e informes que formaron parte de un pasado muy lejano y se reconfiguran para sumar a otros presentes&#8221; se indic\u00f3.<\/p>\n<p>&nbsp;<\/p>\n<p>&nbsp;<\/p>\n","protected":false},"excerpt":{"rendered":"<p>La organizaci\u00f3n nuclea a recuperadores urbanos de materiales reciclables. Se encontraron papeles que datan de hasta tres d\u00e9cadas atr\u00e1s.<\/p>\n","protected":false},"author":6,"featured_media":51676,"comment_status":"closed","ping_status":"closed","sticky":false,"template":"","format":"standard","meta":{"_jetpack_memberships_contains_paid_content":false,"footnotes":""},"categories":[5,1],"tags":[],"class_list":["post-51674","post","type-post","status-publish","format-standard","has-post-thumbnail","hentry","category-informacion-general","category-portada"],"jetpack_featured_media_url":"https:\/\/i0.wp.com\/cdnoticias.com\/wp-content\/uploads\/2022\/04\/papel_dest.jpg?fit=1000%2C533&ssl=1","jetpack_sharing_enabled":true,"_links":{"self":[{"href":"https:\/\/cdnoticias.com\/index.php\/wp-json\/wp\/v2\/posts\/51674","targetHints":{"allow":["GET"]}}],"collection":[{"href":"https:\/\/cdnoticias.com\/index.php\/wp-json\/wp\/v2\/posts"}],"about":[{"href":"https:\/\/cdnoticias.com\/index.php\/wp-json\/wp\/v2\/types\/post"}],"author":[{"embeddable":true,"href":"https:\/\/cdnoticias.com\/index.php\/wp-json\/wp\/v2\/users\/6"}],"replies":[{"embeddable":true,"href":"https:\/\/cdnoticias.com\/index.php\/wp-json\/wp\/v2\/comments?post=51674"}],"version-history":[{"count":0,"href":"https:\/\/cdnoticias.com\/index.php\/wp-json\/wp\/v2\/posts\/51674\/revisions"}],"wp:featuredmedia":[{"embeddable":true,"href":"https:\/\/cdnoticias.com\/index.php\/wp-json\/wp\/v2\/media\/51676"}],"wp:attachment":[{"href":"https:\/\/cdnoticias.com\/index.php\/wp-json\/wp\/v2\/media?parent=51674"}],"wp:term":[{"taxonomy":"category","embeddable":true,"href":"https:\/\/cdnoticias.com\/index.php\/wp-json\/wp\/v2\/categories?post=51674"},{"taxonomy":"post_tag","embeddable":true,"href":"https:\/\/cdnoticias.com\/index.php\/wp-json\/wp\/v2\/tags?post=51674"}],"curies":[{"name":"wp","href":"https:\/\/api.w.org\/{rel}","templated":true}]}}