{"id":51640,"date":"2022-04-15T11:08:38","date_gmt":"2022-04-15T14:08:38","guid":{"rendered":"https:\/\/www.centraldenoticias.com.ar\/?p=51640"},"modified":"2022-04-15T11:08:38","modified_gmt":"2022-04-15T14:08:38","slug":"primera-catedra-unesco-de-la-unicen-en-la-facultad-de-sociales","status":"publish","type":"post","link":"https:\/\/cdnoticias.com\/index.php\/2022\/04\/15\/primera-catedra-unesco-de-la-unicen-en-la-facultad-de-sociales\/","title":{"rendered":"Primera C\u00e1tedra UNESCO de la UNICEN en la Facultad de Sociales"},"content":{"rendered":"<p>Autoridades de la Universidad Nacional del Centro de la Provincia de Buenos Aires y de la FACSO participaron del acto. La c\u00e1tedra cuenta como entidad ejecutora el Doctorado en Arqueolog\u00eda y como copart\u00edcipe el INCUAPA.<!--more--><\/p>\n<hr \/>\n<p>El acto se llev\u00f3 adelante en el SUM de Aulas Comunes del Complejo Universitario Olavarr\u00eda, y fue encabezado por el rector de la UNICEN, Dr. Marcelo Aba; la decana de la FACSO, Lic. Gabriela Gamberini; y la vicedecana de la FACSO y directora del Doctorado en Arqueolog\u00eda de la misma unidad acad\u00e9mica, Dra. Mar\u00eda Luz Endere.<\/p>\n<p>&nbsp;<\/p>\n<p>Participaron del mismo autoridades de la Facultad de Ingenier\u00eda y de la Facultad de Ciencias de la Salud, funcionarias del Municipio de Olavarr\u00eda, directores y directoras de departamentos, observatorios y N\u00facleos de Actividades Cient\u00edficas Tecnol\u00f3gicas de la Facultad de Ciencias Sociales, adem\u00e1s de docentes investigadores, no docentes, graduados\/as, becarios\/as y estudiantes, entre otros.<\/p>\n<p>&nbsp;<\/p>\n<p>La c\u00e1tedra UNESCO de Patrimonio Arqueol\u00f3gico es un proyecto que tiene como entidad ejecutora el Doctorado en Arqueolog\u00eda y como copart\u00edcipe al Instituto de Investigaciones Arqueol\u00f3gicas y Paleontol\u00f3gicas del Cuaternario Pampeano INCUAPA (Unidad Ejecutora del CONICET y UNICEN), en especial la l\u00ednea Patrimonia, dedicada a los estudios interdisciplinarios de Patrimonio.<\/p>\n<p>&nbsp;<\/p>\n<p>En la oportunidad<strong> el rector Dr. Marcelo Aba<\/strong> expres\u00f3: \u201cEncontrarnos hoy desde la Universidad en su conjunto en la inauguraci\u00f3n de esta C\u00e1tedra, que pretende transitar un camino de entendimiento, de integraci\u00f3n, donde hay colaboraci\u00f3n, donde hay universidades hermanas todas trabajando para un mismo fin, realmente es algo que queremos celebrar como instituci\u00f3n y por supuesto felicitar a la Facultad de Ciencias Sociales que ha dado cobijo a todos estos emprendimientos. Con la UNESCO nos une el hecho de tener a la educaci\u00f3n, a la investigaci\u00f3n y a la cultura como objetos fundamentales de estudio\u201d.<\/p>\n<p>&nbsp;<\/p>\n<p>Por su parte,<strong> la Lic. Gamberini, decana de la FACSO<\/strong>, analiz\u00f3 las m\u00faltiples iniciativas de las diferentes carreras y grupos de investigaci\u00f3n de la Facultad de Ciencias Sociales que dan lugar a un promisorio escenario de cooperaci\u00f3n y de vinculaci\u00f3n internacional. \u201cEn estos tiempos que reclaman la conformaci\u00f3n de puentes, de lazos solidarios colectivos, articulados, a escala mundial, regional y local, con orgullo decimos que la C\u00e1tedra que hoy inauguramos se suma a las m\u00e1s de 20 ya creadas en el contexto de nuestro pa\u00eds. Un logro institucional y un gran desaf\u00edo en clave a favorecer desde la educaci\u00f3n el desarrollo sostenible para mejorar la calidad de vida de todas las personas desde la pertinencia acad\u00e9mica y social del patrimonio y la arqueolog\u00eda inscripta en el campo de las ciencias sociales\u201d.<\/p>\n<p>&nbsp;<\/p>\n<p>La <strong>vicedecana de la FACSO y directora del Doctorado de Arqueolog\u00eda, Dra. Mar\u00eda Luz Endere,<\/strong> resalt\u00f3 que \u201cesta iniciativa promueve la integraci\u00f3n de la UNICEN a la red de c\u00e1tedras UNESCO que nos hermana con m\u00e1s de 700 c\u00e1tedras del mundo, especialmente con aquellas vinculadas al patrimonio cultural en sentido amplio\u201d. Adem\u00e1s dio la bienvenida a la Dra. Ver\u00f3nica Benedet, de la Universidad del Pa\u00eds Vasco, quien obtuvo la beca \u201cMargarita Salas\u201d para trabajar en nuestro pa\u00eds en temas de patrimonio arquitect\u00f3nico y sustentabilidad, siendo la instituci\u00f3n de acogida el Instituto INCUAPA.<\/p>\n<p>&nbsp;<\/p>\n<p>&nbsp;<\/p>\n<p>&nbsp;<\/p>\n<p>Desde Par\u00eds, Francia, <strong>Mauricio Rosi, en representaci\u00f3n del Centro del Patrimonio Mundial de la Unidad Am\u00e9rica Latina y el Caribe de la UNESCO<\/strong>, augur\u00f3 el inicio de \u201cuna colaboraci\u00f3n larga y fruct\u00edfera, un enlace que puede producir resultados m\u00e1s que eficientes y contundentes para ambas instituciones\u201d.<\/p>\n<p>&nbsp;<\/p>\n<p>Tambi\u00e9n de manera virtual comparti\u00f3 su saludo la<strong> Lic. Marina Larrea, Directora Nacional de Cooperaci\u00f3n Internacional del Ministerio de Educaci\u00f3n de la Naci\u00f3n.<\/strong> \u201cEstamos convencidas que esta C\u00e1tedra va hacer que la protecci\u00f3n, conservaci\u00f3n, investigaci\u00f3n, identificaci\u00f3n y preservaci\u00f3n del patrimonio arqueol\u00f3gico de nuestro pa\u00eds est\u00e9n m\u00e1s que asegurados\u201d, manifest\u00f3.<\/p>\n<p>&nbsp;<\/p>\n<p>La<strong> Lic. Larrea<\/strong> reflexion\u00f3 que el Patrimonio Arqueol\u00f3gico fue establecido en el \u00faltimo plan de acci\u00f3n del Patrimonio Mundial para Am\u00e9rica Latina y Caribe como una cuesti\u00f3n prioritaria, \u201cdado que los sitios arqueol\u00f3gicos de nuestra regi\u00f3n enfrentan una serie de problem\u00e1ticas y de desaf\u00edos que van desde la conservaci\u00f3n hasta la gesti\u00f3n multidisciplinar, particularmente a la luz de las apremiantes cuestiones que est\u00e1n vinculadas con el turismo y con los grandes proyectos de infraestructura\u201d.<\/p>\n<p>&nbsp;<\/p>\n<p>Como parte del acto inaugural ofreci\u00f3 la conferencia \u201cDesaf\u00edos actuales del patrimonio arqueol\u00f3gico: el caso de la catedral de Santa Mar\u00eda y el centro hist\u00f3rico de la ciudad de Vitoria (Pa\u00eds Vasco)\u201d, <strong>el profesor Dr. Agust\u00edn Azkarate, Director de la C\u00e1tedra UNESCO en Paisajes Culturales y Patrimonio y del Grupo de Investigaci\u00f3n en Patrimonio Construido (GPAC) de la Universidad del Pa\u00eds Vasco, Espa\u00f1a.<\/strong><\/p>\n<p>&nbsp;<\/p>\n<p><img data-recalc-dims=\"1\" loading=\"lazy\" decoding=\"async\" class=\"aligncenter size-full wp-image-51641\" src=\"https:\/\/i0.wp.com\/cdnoticias.com\/wp-content\/uploads\/2022\/04\/unescoazca.jpg?resize=800%2C487&#038;ssl=1\" alt=\"\" width=\"800\" height=\"487\" srcset=\"https:\/\/i0.wp.com\/cdnoticias.com\/wp-content\/uploads\/2022\/04\/unescoazca.jpg?w=1000&amp;ssl=1 1000w, https:\/\/i0.wp.com\/cdnoticias.com\/wp-content\/uploads\/2022\/04\/unescoazca.jpg?resize=300%2C183&amp;ssl=1 300w, https:\/\/i0.wp.com\/cdnoticias.com\/wp-content\/uploads\/2022\/04\/unescoazca.jpg?resize=768%2C468&amp;ssl=1 768w\" sizes=\"auto, (max-width: 800px) 100vw, 800px\" \/><\/p>\n<p>&nbsp;<\/p>\n<p><strong>C\u00e1tedra UNESCO de Patrimonio Arqueol\u00f3gico<\/strong><\/p>\n<p>&nbsp;<\/p>\n<p><strong>La creaci\u00f3n de la C\u00e1tedra UNESCO de Patrimonio Arqueol\u00f3gico surgi\u00f3 en el a\u00f1o 2018,<\/strong> a partir de la elaboraci\u00f3n de una propuesta que se llev\u00f3 adelante en el marco del Doctorado en Arqueolog\u00eda de la Facultad de Ciencias Sociales y del Programa Interdisciplinario de Estudios del Patrimonio, denominada Patrimonia, que es una l\u00ednea de investigaci\u00f3n del Instituto INCUAPA.<\/p>\n<p>&nbsp;<\/p>\n<p>La presentaci\u00f3n de esta iniciativa cont\u00f3 con avales de diferentes instituciones acad\u00e9micas y cient\u00edficas de diversas regiones de Argentina, Latinoam\u00e9rica y Espa\u00f1a. <strong>A nivel local la c\u00e1tedra UNESCO cont\u00f3 con el aval de la Municipalidad de Olavarr\u00eda.<\/strong><\/p>\n<p>&nbsp;<\/p>\n<p>La c\u00e1tedra UNESCO de la UNICEN <strong>se articula a trav\u00e9s de tres ejes.<\/strong> El primero es la actividad acad\u00e9mica de la Facultad de Ciencias Sociales, en especial con la oferta de cursos que ofrece el Doctorado en Arqueolog\u00eda en temas relacionados con el patrimonio cultural y, en especial, con el arqueol\u00f3gico. El segundo es la investigaci\u00f3n interdisciplinaria y la producci\u00f3n cient\u00edfica que ser\u00e1 canalizada a trav\u00e9s del Instituto INCUAPA, especialmente desde la l\u00ednea de Estudios de Patrimonio. Y finalmente, las actividades de comunicaci\u00f3n, sensibilizaci\u00f3n e intercambio que se realizan actualmente y las que se esperan generar con la reciente creaci\u00f3n de un Observatorio de Patrimonio.<\/p>\n","protected":false},"excerpt":{"rendered":"<p>Autoridades de la Universidad Nacional del Centro de la Provincia de Buenos Aires y de la FACSO participaron del acto.<\/p>\n","protected":false},"author":5,"featured_media":51643,"comment_status":"closed","ping_status":"closed","sticky":false,"template":"","format":"standard","meta":{"_jetpack_memberships_contains_paid_content":false,"footnotes":""},"categories":[5,1],"tags":[],"class_list":["post-51640","post","type-post","status-publish","format-standard","has-post-thumbnail","hentry","category-informacion-general","category-portada"],"jetpack_featured_media_url":"https:\/\/i0.wp.com\/cdnoticias.com\/wp-content\/uploads\/2022\/04\/unescoint2.jpg?fit=1000%2C589&ssl=1","jetpack_sharing_enabled":true,"_links":{"self":[{"href":"https:\/\/cdnoticias.com\/index.php\/wp-json\/wp\/v2\/posts\/51640","targetHints":{"allow":["GET"]}}],"collection":[{"href":"https:\/\/cdnoticias.com\/index.php\/wp-json\/wp\/v2\/posts"}],"about":[{"href":"https:\/\/cdnoticias.com\/index.php\/wp-json\/wp\/v2\/types\/post"}],"author":[{"embeddable":true,"href":"https:\/\/cdnoticias.com\/index.php\/wp-json\/wp\/v2\/users\/5"}],"replies":[{"embeddable":true,"href":"https:\/\/cdnoticias.com\/index.php\/wp-json\/wp\/v2\/comments?post=51640"}],"version-history":[{"count":0,"href":"https:\/\/cdnoticias.com\/index.php\/wp-json\/wp\/v2\/posts\/51640\/revisions"}],"wp:featuredmedia":[{"embeddable":true,"href":"https:\/\/cdnoticias.com\/index.php\/wp-json\/wp\/v2\/media\/51643"}],"wp:attachment":[{"href":"https:\/\/cdnoticias.com\/index.php\/wp-json\/wp\/v2\/media?parent=51640"}],"wp:term":[{"taxonomy":"category","embeddable":true,"href":"https:\/\/cdnoticias.com\/index.php\/wp-json\/wp\/v2\/categories?post=51640"},{"taxonomy":"post_tag","embeddable":true,"href":"https:\/\/cdnoticias.com\/index.php\/wp-json\/wp\/v2\/tags?post=51640"}],"curies":[{"name":"wp","href":"https:\/\/api.w.org\/{rel}","templated":true}]}}