{"id":51637,"date":"2022-04-14T16:31:17","date_gmt":"2022-04-14T19:31:17","guid":{"rendered":"https:\/\/www.centraldenoticias.com.ar\/?p=51637"},"modified":"2022-04-14T16:31:17","modified_gmt":"2022-04-14T19:31:17","slug":"la-empresa-loma-negra-dono-vestimenta-para-bomberos-voluntarios","status":"publish","type":"post","link":"https:\/\/cdnoticias.com\/index.php\/2022\/04\/14\/la-empresa-loma-negra-dono-vestimenta-para-bomberos-voluntarios\/","title":{"rendered":"La empresa Loma Negra don\u00f3 vestimenta para Bomberos Voluntarios"},"content":{"rendered":"<p>Se trata de chaquetones y pantalones destinados al personal del destacamento N\u00b01.<!--more--><\/p>\n<hr \/>\n<p>El lunes por la tarde en el destacamento de Loma Negra los Bomberos Voluntarios de esa localidad recibieron la donaci\u00f3n de<strong> 4 chaquetones y pantalones de la empresa Loma Negra.<\/strong><\/p>\n<p>&nbsp;<\/p>\n<p>La empresa a cargo de la donaci\u00f3n fue representada por Fabi\u00e1n Gonz\u00e1lez l\u00edder de Recursos Humanos de Planta Olavarr\u00eda, Roberto Rodr\u00edguez l\u00edder de F\u00e1brica, Gustavo Calcinelli l\u00edder de Seguridad y Medio Ambiente y Sebasti\u00e1n Rossi l\u00edder de Recursos Humanos de planta L&#8217;amal\u00ed.<\/p>\n<p>&nbsp;<\/p>\n<p>Por parte de la instituci\u00f3n bomberil los recibieron el comandante general Ra\u00fal A. Ferreira, el presidente de la instituci\u00f3n Hugo Fayan\u00e1s, miembros de la subcomisi\u00f3n e integrantes del cuerpo activo de la localidad.<\/p>\n","protected":false},"excerpt":{"rendered":"<p>Se trata de chaquetones y pantalones destinados al personal del destacamento N\u00b01.<\/p>\n","protected":false},"author":5,"featured_media":51638,"comment_status":"closed","ping_status":"closed","sticky":false,"template":"","format":"standard","meta":{"_jetpack_memberships_contains_paid_content":false,"footnotes":""},"categories":[5,1],"tags":[],"class_list":["post-51637","post","type-post","status-publish","format-standard","has-post-thumbnail","hentry","category-informacion-general","category-portada"],"jetpack_featured_media_url":"https:\/\/i0.wp.com\/cdnoticias.com\/wp-content\/uploads\/2022\/04\/IMG_20220411_172119-scaled.jpg?fit=2560%2C1920&ssl=1","jetpack_sharing_enabled":true,"_links":{"self":[{"href":"https:\/\/cdnoticias.com\/index.php\/wp-json\/wp\/v2\/posts\/51637","targetHints":{"allow":["GET"]}}],"collection":[{"href":"https:\/\/cdnoticias.com\/index.php\/wp-json\/wp\/v2\/posts"}],"about":[{"href":"https:\/\/cdnoticias.com\/index.php\/wp-json\/wp\/v2\/types\/post"}],"author":[{"embeddable":true,"href":"https:\/\/cdnoticias.com\/index.php\/wp-json\/wp\/v2\/users\/5"}],"replies":[{"embeddable":true,"href":"https:\/\/cdnoticias.com\/index.php\/wp-json\/wp\/v2\/comments?post=51637"}],"version-history":[{"count":0,"href":"https:\/\/cdnoticias.com\/index.php\/wp-json\/wp\/v2\/posts\/51637\/revisions"}],"wp:featuredmedia":[{"embeddable":true,"href":"https:\/\/cdnoticias.com\/index.php\/wp-json\/wp\/v2\/media\/51638"}],"wp:attachment":[{"href":"https:\/\/cdnoticias.com\/index.php\/wp-json\/wp\/v2\/media?parent=51637"}],"wp:term":[{"taxonomy":"category","embeddable":true,"href":"https:\/\/cdnoticias.com\/index.php\/wp-json\/wp\/v2\/categories?post=51637"},{"taxonomy":"post_tag","embeddable":true,"href":"https:\/\/cdnoticias.com\/index.php\/wp-json\/wp\/v2\/tags?post=51637"}],"curies":[{"name":"wp","href":"https:\/\/api.w.org\/{rel}","templated":true}]}}