{"id":51571,"date":"2022-04-13T08:19:22","date_gmt":"2022-04-13T11:19:22","guid":{"rendered":"https:\/\/www.centraldenoticias.com.ar\/?p=51571"},"modified":"2022-04-13T09:16:55","modified_gmt":"2022-04-13T12:16:55","slug":"el-intendente-ezequiel-galli-confirmo-la-fecha-de-licitacion-del-jardin-no-929","status":"publish","type":"post","link":"https:\/\/cdnoticias.com\/index.php\/2022\/04\/13\/el-intendente-ezequiel-galli-confirmo-la-fecha-de-licitacion-del-jardin-no-929\/","title":{"rendered":"El intendente Ezequiel Galli confirm\u00f3 la fecha de licitaci\u00f3n del Jard\u00edn N\u00ba 929"},"content":{"rendered":"<p>La apertura de ofertas se har\u00e1 el lunes 9 de mayo a las 10:00 en el Palacio San Mart\u00edn. El presupuesto oficial para la ejecuci\u00f3n de la obra fue estimado en $50.160.000.<!--more--><\/p>\n<hr \/>\n<p>&nbsp;<\/p>\n<p>El <strong>intendente Ezequiel Galli adelant\u00f3 que la apertura de sobres de la licitaci\u00f3n p\u00fablica<\/strong> para la<strong> obra de construcci\u00f3n de la nueva sede para el Jard\u00edn de Infantes N.\u00ba 929,<\/strong> se llevar\u00e1 a cabo el d\u00eda <strong>lunes 9 de mayo <\/strong>a las 10:00 en el Palacio San Mart\u00edn de la Municipalidad.<\/p>\n<p>&nbsp;<\/p>\n<p>En este sentido, se inform\u00f3 que<strong> los pliegos se encuentran a la venta, hasta el 4 de mayo, de 8:00 a 13:00<\/strong>. El <strong>presupuesto oficial<\/strong> para la ejecuci\u00f3n de la obra fue estimado en la suma total de <strong>$50.160.000.<\/strong><\/p>\n<p>&nbsp;<\/p>\n<p>\u201c<strong>Mi prioridad es la educaci\u00f3n<\/strong>, invertir en infraestructura edilicia pone en valor la importante tarea transformadora que hacen los docentes d\u00eda a d\u00eda y el futuro de los alumnos\u201d, sostuvo Galli y agreg\u00f3 que &#8220;<strong>la educaci\u00f3n es la herramienta de transformaci\u00f3n social m\u00e1s grande que existe\u201d.<\/strong><\/p>\n<p>&nbsp;<\/p>\n<p><img data-recalc-dims=\"1\" loading=\"lazy\" decoding=\"async\" class=\"size-full wp-image-39498 aligncenter\" src=\"https:\/\/i0.wp.com\/cdnoticias.com\/wp-content\/uploads\/2021\/11\/jardin-929-cartel-00.jpg?resize=800%2C445&#038;ssl=1\" alt=\"\" width=\"800\" height=\"445\" srcset=\"https:\/\/i0.wp.com\/cdnoticias.com\/wp-content\/uploads\/2021\/11\/jardin-929-cartel-00.jpg?w=800&amp;ssl=1 800w, https:\/\/i0.wp.com\/cdnoticias.com\/wp-content\/uploads\/2021\/11\/jardin-929-cartel-00.jpg?resize=300%2C167&amp;ssl=1 300w, https:\/\/i0.wp.com\/cdnoticias.com\/wp-content\/uploads\/2021\/11\/jardin-929-cartel-00.jpg?resize=768%2C427&amp;ssl=1 768w\" sizes=\"auto, (max-width: 800px) 100vw, 800px\" \/><\/p>\n<p>&nbsp;<\/p>\n<p>Adem\u00e1s indic\u00f3 que <strong>\u201ceste jard\u00edn es muy importante para nosotros<\/strong> y por eso nos pusimos a trabajar en el proyecto, para que <strong>docentes y alumnos puedan contar con las condiciones dignas\u201d. <\/strong><\/p>\n<p>&nbsp;<\/p>\n<p>\u201c<strong>Mi compromiso es que no haya m\u00e1s jardines alquilados en Olavarr\u00eda<\/strong>. <a href=\"https:\/\/cdnoticias.com\/index.php\/2021\/10\/19\/con-eje-en-la-calidad-educativa-galli-anuncio-la-construccion-del-jardin-929\/\" target=\"_blank\" rel=\"noopener\">Hace unos meses anunci\u00e9 la construcci\u00f3n del Jard\u00edn 929<\/a> y hoy es un hecho, una realidad, la licitaci\u00f3n se abrir\u00e1 pr\u00f3ximamente y <strong>vamos a comenzar esta obra tan esperada<\/strong>\u201d, sostuvo.<\/p>\n<p>&nbsp;<\/p>\n<p><a href=\"https:\/\/cdnoticias.com\/index.php\/2021\/11\/23\/un-paso-mas-para-concretar-el-jardin-929\/\" target=\"_blank\" rel=\"noopener\">Tal como se adelant\u00f3<\/a>, el Jard\u00edn N.\u00ba 929 se emplazar\u00e1 sobre la calle <strong>Vicente L\u00f3pez, entre Hip\u00f3lito Yrigoyen y Roque S\u00e1enz Pe\u00f1a,<\/strong> en el barrio Roca Merlo.<\/p>\n<p>&nbsp;<\/p>\n<p><img data-recalc-dims=\"1\" loading=\"lazy\" decoding=\"async\" class=\"size-full wp-image-36008 aligncenter\" src=\"https:\/\/i0.wp.com\/cdnoticias.com\/wp-content\/uploads\/2021\/10\/anuncio-jardin-929-04.jpg?resize=800%2C600&#038;ssl=1\" alt=\"\" width=\"800\" height=\"600\" srcset=\"https:\/\/i0.wp.com\/cdnoticias.com\/wp-content\/uploads\/2021\/10\/anuncio-jardin-929-04.jpg?w=800&amp;ssl=1 800w, https:\/\/i0.wp.com\/cdnoticias.com\/wp-content\/uploads\/2021\/10\/anuncio-jardin-929-04.jpg?resize=300%2C225&amp;ssl=1 300w, https:\/\/i0.wp.com\/cdnoticias.com\/wp-content\/uploads\/2021\/10\/anuncio-jardin-929-04.jpg?resize=768%2C576&amp;ssl=1 768w\" sizes=\"auto, (max-width: 800px) 100vw, 800px\" \/><\/p>\n<p>&nbsp;<\/p>\n<p>Desde la <strong>Secretar\u00eda de Mantenimiento y Obras P\u00fablicas<\/strong> \u2013quien tuvo a su cargo el dise\u00f1o del proyecto de obra- se especific\u00f3 que el nuevo edificio tendr\u00e1 una superficie cubierta superior a los 600 m2, que se dividen de la siguiente forma: 192 m2 en planta baja, 218 m2 en primer piso y 118 m2 en la planta alta. Adem\u00e1s contar\u00e1 con una terraza de 100 m2.<\/p>\n<p>&nbsp;<\/p>\n<p>En planta baja se ubicar\u00e1 el hall de acceso, dos direcciones, sala de m\u00fasica con ba\u00f1o y dep\u00f3sito, cocina, ba\u00f1o para personas con movilidad reducida, ba\u00f1o de profesores, ascensor y sala de m\u00e1quinas. En el primer piso se distribuir\u00e1n cuatro aulas (con ba\u00f1os incluidos), preceptor\u00eda, sala para orientaci\u00f3n y sala de m\u00e1quinas. Mientras que en el segundo piso, habr\u00e1 un sal\u00f3n de usos m\u00faltiples con expansi\u00f3n a la terraza descubierta.<\/p>\n<p>&nbsp;<\/p>\n<p><img data-recalc-dims=\"1\" loading=\"lazy\" decoding=\"async\" class=\"size-full wp-image-36007 aligncenter\" src=\"https:\/\/i0.wp.com\/cdnoticias.com\/wp-content\/uploads\/2021\/10\/anuncio-jardin-929-03.jpg?resize=800%2C444&#038;ssl=1\" alt=\"\" width=\"800\" height=\"444\" srcset=\"https:\/\/i0.wp.com\/cdnoticias.com\/wp-content\/uploads\/2021\/10\/anuncio-jardin-929-03.jpg?w=800&amp;ssl=1 800w, https:\/\/i0.wp.com\/cdnoticias.com\/wp-content\/uploads\/2021\/10\/anuncio-jardin-929-03.jpg?resize=300%2C167&amp;ssl=1 300w, https:\/\/i0.wp.com\/cdnoticias.com\/wp-content\/uploads\/2021\/10\/anuncio-jardin-929-03.jpg?resize=768%2C426&amp;ssl=1 768w\" sizes=\"auto, (max-width: 800px) 100vw, 800px\" \/><\/p>\n<p>&nbsp;<\/p>\n<p>El edificio cuenta con un espacio de circulaci\u00f3n compuesto por una escalera de hormig\u00f3n armado, de dos tramos y un ascensor hidr\u00e1ulico que recorre todos los pisos.<\/p>\n<p>&nbsp;<\/p>\n<p>El <strong>pliego de bases y condiciones se podr\u00e1 consultar en la Direcci\u00f3n de Licitaciones<\/strong>, ubicada en el Palacio San Mart\u00edn, o en la p\u00e1gina web del Municipio www.olavarria.gov.ar<\/p>\n<p>&nbsp;<\/p>\n","protected":false},"excerpt":{"rendered":"<p>La apertura de ofertas se har\u00e1 el lunes 9 de mayo a las 10:00 en el Palacio San Mart\u00edn. El<\/p>\n","protected":false},"author":6,"featured_media":51572,"comment_status":"closed","ping_status":"closed","sticky":false,"template":"","format":"standard","meta":{"_jetpack_memberships_contains_paid_content":false,"footnotes":""},"categories":[5,1],"tags":[],"class_list":["post-51571","post","type-post","status-publish","format-standard","has-post-thumbnail","hentry","category-informacion-general","category-portada"],"jetpack_featured_media_url":"https:\/\/i0.wp.com\/cdnoticias.com\/wp-content\/uploads\/2022\/04\/Obras-Anuncio-Jardin-N%C2%B0929-1-1024x685-1.jpg?fit=1024%2C685&ssl=1","jetpack_sharing_enabled":true,"_links":{"self":[{"href":"https:\/\/cdnoticias.com\/index.php\/wp-json\/wp\/v2\/posts\/51571","targetHints":{"allow":["GET"]}}],"collection":[{"href":"https:\/\/cdnoticias.com\/index.php\/wp-json\/wp\/v2\/posts"}],"about":[{"href":"https:\/\/cdnoticias.com\/index.php\/wp-json\/wp\/v2\/types\/post"}],"author":[{"embeddable":true,"href":"https:\/\/cdnoticias.com\/index.php\/wp-json\/wp\/v2\/users\/6"}],"replies":[{"embeddable":true,"href":"https:\/\/cdnoticias.com\/index.php\/wp-json\/wp\/v2\/comments?post=51571"}],"version-history":[{"count":0,"href":"https:\/\/cdnoticias.com\/index.php\/wp-json\/wp\/v2\/posts\/51571\/revisions"}],"wp:featuredmedia":[{"embeddable":true,"href":"https:\/\/cdnoticias.com\/index.php\/wp-json\/wp\/v2\/media\/51572"}],"wp:attachment":[{"href":"https:\/\/cdnoticias.com\/index.php\/wp-json\/wp\/v2\/media?parent=51571"}],"wp:term":[{"taxonomy":"category","embeddable":true,"href":"https:\/\/cdnoticias.com\/index.php\/wp-json\/wp\/v2\/categories?post=51571"},{"taxonomy":"post_tag","embeddable":true,"href":"https:\/\/cdnoticias.com\/index.php\/wp-json\/wp\/v2\/tags?post=51571"}],"curies":[{"name":"wp","href":"https:\/\/api.w.org\/{rel}","templated":true}]}}