{"id":51529,"date":"2022-04-12T13:07:33","date_gmt":"2022-04-12T16:07:33","guid":{"rendered":"https:\/\/www.centraldenoticias.com.ar\/?p=51529"},"modified":"2022-04-12T14:57:25","modified_gmt":"2022-04-12T17:57:25","slug":"apeba-una-cooperativa-no-puede-vivir-teniendo-dos-anos-7-de-aumento","status":"publish","type":"post","link":"https:\/\/cdnoticias.com\/index.php\/2022\/04\/12\/apeba-una-cooperativa-no-puede-vivir-teniendo-dos-anos-7-de-aumento\/","title":{"rendered":"APEBA: \u201cUna cooperativa no puede vivir teniendo dos a\u00f1os 7% de aumento\u201d"},"content":{"rendered":"<p>La federaci\u00f3n que nuclea a las principales distribuidoras de electricidad de la provincia de reuni\u00f3 en Olavarr\u00eda. La situaci\u00f3n del sector, las tarifas, los subsidios y la cuota capital estuvieron entre los temas.<!--more--><\/p>\n<hr \/>\n<p><strong>Este mi\u00e9rcoles se reuni\u00f3 en Olavarr\u00eda la federaci\u00f3n que nuclea a las principales distribuidoras del servicio el\u00e9ctrico en la provincia de Buenos Aires<\/strong>. Se trata de la<strong> Asociaci\u00f3n de Prestadoras de Electricidad, APEBA,<\/strong> cuyo encuentro en Coopelectric fue el primero desde el inicio de la pandemia.<\/p>\n<p>&nbsp;<\/p>\n<p>En ese marco, brindaron una conferencia de prensa a medios locales que fue encabezada por<strong> Cruz Arouxet, presidente de Coopelectric y tesorero de APEBA<\/strong>. Junto a \u00e9l estuvo el <strong>presidente de APEBA, Oreste Binetti<\/strong>, quien tambi\u00e9n es presidente de la Cooperativa El\u00e9ctrica de Luj\u00e1n. Adem\u00e1s, expusieron<strong> Juan Simunovich<\/strong>, gerente de la Cooperativa El\u00e9ctrica de Salto; <strong>Mario Cabitto<\/strong>, gerente Administrativo de la Usina Popular y Municipal de Tandil y prosecretario de la Federaci\u00f3n APEBA; y <strong>Oscar Trotta<\/strong>, presidente de la Cooperativa El\u00e9ctrica de Salto y secretario de la federaci\u00f3n.<\/p>\n<p>&nbsp;<\/p>\n<blockquote><p>Tras dar la bienvenida a los presentes, Arouxet destac\u00f3 \u201cpara nosotros es un orgullo y un agrado que se haya elegido Coopelectric para hacer la primera reuni\u00f3n de APEBA pos pandemia en forma presencial. Vamos a tratar, junto a nuestras cooperativas hermanas, las 14 cooperativas m\u00e1s grandes de la provincia, temas referentes al servicio y creemos fuertemente en el asociativismo y que las cosas en conjunto son mucho mejor\u201d.<\/p><\/blockquote>\n<p>&nbsp;<\/p>\n<p><img data-recalc-dims=\"1\" loading=\"lazy\" decoding=\"async\" class=\"size-full wp-image-51536 aligncenter\" src=\"https:\/\/i0.wp.com\/cdnoticias.com\/wp-content\/uploads\/2022\/04\/apeba-coopelectric-04.jpg?resize=800%2C445&#038;ssl=1\" alt=\"\" width=\"800\" height=\"445\" srcset=\"https:\/\/i0.wp.com\/cdnoticias.com\/wp-content\/uploads\/2022\/04\/apeba-coopelectric-04.jpg?w=800&amp;ssl=1 800w, https:\/\/i0.wp.com\/cdnoticias.com\/wp-content\/uploads\/2022\/04\/apeba-coopelectric-04.jpg?resize=300%2C167&amp;ssl=1 300w, https:\/\/i0.wp.com\/cdnoticias.com\/wp-content\/uploads\/2022\/04\/apeba-coopelectric-04.jpg?resize=768%2C427&amp;ssl=1 768w\" sizes=\"auto, (max-width: 800px) 100vw, 800px\" \/><\/p>\n<p>&nbsp;<\/p>\n<p><strong>Binetti, en tanto, repas\u00f3 el origen de APEBA,<\/strong> fundada hace 26 a\u00f1os, aunque hace cinco a\u00f1os adopt\u00f3 el formato de federaci\u00f3n de cooperativas.<\/p>\n<p>&nbsp;<\/p>\n<p>Consultado por la realidad financiera y econ\u00f3mica de las cooperativas fue tajante: \u201cMuy mala. Algunas cooperativas se encuentran en una situaci\u00f3n muy dif\u00edcil\u201d. Asegur\u00f3 que <strong>\u201choy ha bajado la calidad del servicio por los pocos ingresos que tenemos al no tener tarifas, tenemos un subsidio pero no es considerable para las cooperativas\u201d<\/strong>.<\/p>\n<p>&nbsp;<\/p>\n<p><img data-recalc-dims=\"1\" loading=\"lazy\" decoding=\"async\" class=\"size-full wp-image-51534 aligncenter\" src=\"https:\/\/i0.wp.com\/cdnoticias.com\/wp-content\/uploads\/2022\/04\/apeba-coopelectric-02.jpg?resize=800%2C445&#038;ssl=1\" alt=\"\" width=\"800\" height=\"445\" srcset=\"https:\/\/i0.wp.com\/cdnoticias.com\/wp-content\/uploads\/2022\/04\/apeba-coopelectric-02.jpg?w=800&amp;ssl=1 800w, https:\/\/i0.wp.com\/cdnoticias.com\/wp-content\/uploads\/2022\/04\/apeba-coopelectric-02.jpg?resize=300%2C167&amp;ssl=1 300w, https:\/\/i0.wp.com\/cdnoticias.com\/wp-content\/uploads\/2022\/04\/apeba-coopelectric-02.jpg?resize=768%2C427&amp;ssl=1 768w\" sizes=\"auto, (max-width: 800px) 100vw, 800px\" \/><\/p>\n<p>&nbsp;<\/p>\n<p>En cuanto a la pol\u00edtica tarifaria de la administraci\u00f3n provincial, Binetti se\u00f1al\u00f3 que \u201cno discutimos la posici\u00f3n del Gobierno de la provincia de Buenos Aires <strong>bajo ning\u00fan punto de vista pero una cooperativa no puede vivir teniendo dos a\u00f1os 7% de aumento<\/strong> y con la inflaci\u00f3n que ha sido de 50%\u201d.<\/p>\n<p>&nbsp;<\/p>\n<p>En paralelo, el presidente de APEBA reconoci\u00f3 que <strong>\u201cpermanentemente tenemos di\u00e1logo abierto\u201d con la Gobernaci\u00f3n<\/strong> bonaerense. El prosecretario Mario Cabitto reafirm\u00f3: \u201cel di\u00e1logo es constante. De hecho en la provincia se ha conformado la Mesa El\u00e9ctrica\u201d.<\/p>\n<p>&nbsp;<\/p>\n<p><img data-recalc-dims=\"1\" loading=\"lazy\" decoding=\"async\" class=\"size-full wp-image-51533 aligncenter\" src=\"https:\/\/i0.wp.com\/cdnoticias.com\/wp-content\/uploads\/2022\/04\/apeba-coopelectric-01.jpg?resize=800%2C445&#038;ssl=1\" alt=\"\" width=\"800\" height=\"445\" srcset=\"https:\/\/i0.wp.com\/cdnoticias.com\/wp-content\/uploads\/2022\/04\/apeba-coopelectric-01.jpg?w=800&amp;ssl=1 800w, https:\/\/i0.wp.com\/cdnoticias.com\/wp-content\/uploads\/2022\/04\/apeba-coopelectric-01.jpg?resize=300%2C167&amp;ssl=1 300w, https:\/\/i0.wp.com\/cdnoticias.com\/wp-content\/uploads\/2022\/04\/apeba-coopelectric-01.jpg?resize=768%2C427&amp;ssl=1 768w\" sizes=\"auto, (max-width: 800px) 100vw, 800px\" \/><\/p>\n<p>&nbsp;<\/p>\n<blockquote><p>El dirigente de la Usina de Tandil se refiri\u00f3 al <a href=\"https:\/\/cdnoticias.com\/index.php\/2021\/08\/27\/cooperativas-bonaerenses-recibiran-un-subsidio-para-garantizar-inversiones-y-la-calidad-del-servicio\/\" target=\"_blank\" rel=\"noopener\">subsidio otorgado en agosto del a\u00f1o pasado por la Provincia a las cooperativas<\/a>, medida que defini\u00f3 que \u201csubsana parcialmente\u201d el congelamiento tarifario, ya que expres\u00f3 que \u201cno alcanza\u201d a compensar el nivel de inflaci\u00f3n. Tuvo en cuenta que los porcentajes de aumento tarifario y subsidios \u201csumados hablamos de casi 20% contra un IPC bianual de 100%. Obviamente esto ha llevado a que determinadas distribuidoras se financien con endeudamiento o con cuota capital\u201d.<\/p><\/blockquote>\n<p>&nbsp;<\/p>\n<p>\u201cEsto no es lo deseado, <strong>se busca que sean ingresos genuinos\u201d<\/strong> dijo Cabitto. Tuvo en cuenta que ya se aprob\u00f3 un <strong>nuevo cuadro tarifario<\/strong> para aplicar desde mayo y junio con el que \u201cva a rondar un aumento de entre 20 y 30%\u201d y a\u00f1adi\u00f3 que con la Provincia<strong> \u201cestamos analizando un subsidio equivalente al que se otorga actualmente con el ajuste por inflaci\u00f3n\u201d<\/strong>.<\/p>\n<p>&nbsp;<\/p>\n<p><img data-recalc-dims=\"1\" loading=\"lazy\" decoding=\"async\" class=\"size-large wp-image-51535 aligncenter\" src=\"https:\/\/i0.wp.com\/cdnoticias.com\/wp-content\/uploads\/2022\/04\/apeba-coopelectric-03.jpg?resize=800%2C445&#038;ssl=1\" alt=\"\" width=\"800\" height=\"445\" srcset=\"https:\/\/i0.wp.com\/cdnoticias.com\/wp-content\/uploads\/2022\/04\/apeba-coopelectric-03-scaled.jpg?resize=1024%2C570&amp;ssl=1 1024w, https:\/\/i0.wp.com\/cdnoticias.com\/wp-content\/uploads\/2022\/04\/apeba-coopelectric-03-scaled.jpg?resize=300%2C167&amp;ssl=1 300w, https:\/\/i0.wp.com\/cdnoticias.com\/wp-content\/uploads\/2022\/04\/apeba-coopelectric-03-scaled.jpg?resize=768%2C427&amp;ssl=1 768w, https:\/\/i0.wp.com\/cdnoticias.com\/wp-content\/uploads\/2022\/04\/apeba-coopelectric-03-scaled.jpg?resize=1536%2C855&amp;ssl=1 1536w, https:\/\/i0.wp.com\/cdnoticias.com\/wp-content\/uploads\/2022\/04\/apeba-coopelectric-03-scaled.jpg?resize=2048%2C1139&amp;ssl=1 2048w, https:\/\/i0.wp.com\/cdnoticias.com\/wp-content\/uploads\/2022\/04\/apeba-coopelectric-03-scaled.jpg?resize=800%2C445&amp;ssl=1 800w, https:\/\/i0.wp.com\/cdnoticias.com\/wp-content\/uploads\/2022\/04\/apeba-coopelectric-03-scaled.jpg?w=1600&amp;ssl=1 1600w, https:\/\/i0.wp.com\/cdnoticias.com\/wp-content\/uploads\/2022\/04\/apeba-coopelectric-03-scaled.jpg?w=2400&amp;ssl=1 2400w\" sizes=\"auto, (max-width: 800px) 100vw, 800px\" \/><\/p>\n<p>&nbsp;<\/p>\n<p>El prosecretario de APEBA consider\u00f3 que para que las cooperativas logren sostenerse con ingresos propios, <strong>\u201choy la tarifa tendr\u00eda que rondar un aumento de 35 a 45%\u201d<\/strong> y sostuvo que ese era el c\u00e1lculo surgido de las audiencias p\u00fablicas. Sobre ese punto, Juan Simunovich apunt\u00f3 que ese porcentaje deber\u00eda aplicarse \u201csobre el Valor Agregado de Distribuci\u00f3n. Cuando hablamos de incremento al usuario hay que ser claro de si eso le queda al distribuidor o es un pase de manos\u201d.<\/p>\n<p>&nbsp;<\/p>\n<blockquote><p>El gerente de la cooperativa de Salto indic\u00f3 que el dato de qui\u00e9n percibe efectivamente los aumentos es clave: \u201cestos problemas tarifarios generan un impacto fuerte en la calidad del servicio si no se puede reinvertir. Muchas veces la necesidad de la cuota capital es para poder mantener la calidad del servicio porque se destina a obras\u201d. Y remat\u00f3 \u201ces mucho m\u00e1s cara la falta de energ\u00eda que una cuota capital\u201d.<\/p><\/blockquote>\n<p>&nbsp;<\/p>\n<p>En el cierre, el presidente Binetti remarc\u00f3 que \u201cen ning\u00fan momento las cooperativas que hemos aplicado la cuota capital es para quedarse. Aunque <strong>a nuestros socios les convendr\u00eda que hubiera cuota capital y no aumento de tarifa<\/strong>, porque la cuota capital no tiene costo ni paga impuestos\u201d.<\/p>\n","protected":false},"excerpt":{"rendered":"<p>La federaci\u00f3n que nuclea a las principales distribuidoras de electricidad de la provincia de reuni\u00f3 en Olavarr\u00eda. La situaci\u00f3n del<\/p>\n","protected":false},"author":4,"featured_media":51532,"comment_status":"closed","ping_status":"closed","sticky":false,"template":"","format":"standard","meta":{"_jetpack_memberships_contains_paid_content":false,"footnotes":""},"categories":[5,1],"tags":[],"class_list":["post-51529","post","type-post","status-publish","format-standard","has-post-thumbnail","hentry","category-informacion-general","category-portada"],"jetpack_featured_media_url":"https:\/\/i0.wp.com\/cdnoticias.com\/wp-content\/uploads\/2022\/04\/apeba-coopelectric-00.jpg?fit=800%2C445&ssl=1","jetpack_sharing_enabled":true,"_links":{"self":[{"href":"https:\/\/cdnoticias.com\/index.php\/wp-json\/wp\/v2\/posts\/51529","targetHints":{"allow":["GET"]}}],"collection":[{"href":"https:\/\/cdnoticias.com\/index.php\/wp-json\/wp\/v2\/posts"}],"about":[{"href":"https:\/\/cdnoticias.com\/index.php\/wp-json\/wp\/v2\/types\/post"}],"author":[{"embeddable":true,"href":"https:\/\/cdnoticias.com\/index.php\/wp-json\/wp\/v2\/users\/4"}],"replies":[{"embeddable":true,"href":"https:\/\/cdnoticias.com\/index.php\/wp-json\/wp\/v2\/comments?post=51529"}],"version-history":[{"count":0,"href":"https:\/\/cdnoticias.com\/index.php\/wp-json\/wp\/v2\/posts\/51529\/revisions"}],"wp:featuredmedia":[{"embeddable":true,"href":"https:\/\/cdnoticias.com\/index.php\/wp-json\/wp\/v2\/media\/51532"}],"wp:attachment":[{"href":"https:\/\/cdnoticias.com\/index.php\/wp-json\/wp\/v2\/media?parent=51529"}],"wp:term":[{"taxonomy":"category","embeddable":true,"href":"https:\/\/cdnoticias.com\/index.php\/wp-json\/wp\/v2\/categories?post=51529"},{"taxonomy":"post_tag","embeddable":true,"href":"https:\/\/cdnoticias.com\/index.php\/wp-json\/wp\/v2\/tags?post=51529"}],"curies":[{"name":"wp","href":"https:\/\/api.w.org\/{rel}","templated":true}]}}