{"id":5151,"date":"2020-10-29T12:20:03","date_gmt":"2020-10-29T15:20:03","guid":{"rendered":"http:\/\/www.centraldenoticias.com.ar\/?p=5151"},"modified":"2020-10-29T15:59:18","modified_gmt":"2020-10-29T18:59:18","slug":"ocupacion-hospitalaria-octubre-tuvo-un-promedio-de-31-personas-internadas","status":"publish","type":"post","link":"https:\/\/cdnoticias.com\/index.php\/2020\/10\/29\/ocupacion-hospitalaria-octubre-tuvo-un-promedio-de-31-personas-internadas\/","title":{"rendered":"Ocupaci\u00f3n hospitalaria: octubre tuvo un promedio de 31 personas internadas"},"content":{"rendered":"<p>En un mes complejo para Olavarr\u00eda con la pandemia, el crecimiento de la ocupaci\u00f3n hospitalaria lleg\u00f3 hasta el \u00faltimo parte emitido en la jornada del mi\u00e9rcoles, con 43 internados.<strong> C\u00f3mo fue la evoluci\u00f3n d\u00eda a d\u00eda.<\/strong><!--more--><\/p>\n<hr \/>\n<p>En uno de los meses m\u00e1s complejos para la pandemia por el COVID19 \u2013que incluso deriv\u00f3 en un regreso a Fase 3- la ocupaci\u00f3n hospitalaria es clave en ese sentido. <strong>Con 31 personas fallecidas, el promedio de personas internadas entre cl\u00ednica COVID y UTI tambi\u00e9n fue de 31 pacientes.<\/strong><\/p>\n<p>&nbsp;<\/p>\n<p><iframe style=\"width: 100%; height: 600px;\" title=\"Interactive or visual content\" src=\"https:\/\/flo.uri.sh\/visualisation\/4174736\/embed\" frameborder=\"0\" scrolling=\"no\"><\/iframe><\/p>\n<div style=\"width: 100%!; margin-top: 4px!important; text-align: right!important;\"><a class=\"flourish-credit\" style=\"text-decoration: none!important;\" href=\"https:\/\/public.flourish.studio\/visualisation\/4174736\/?utm_source=embed&amp;utm_campaign=visualisation\/4174736\" target=\"_top\"><img decoding=\"async\" style=\"width: 105px!important; height: 16px!important; border: none!important; margin: 0!important;\" src=\"https:\/\/public.flourish.studio\/resources\/made_with_flourish.svg\" alt=\"Made with Flourish\" \/> <\/a><\/div>\n<p>&nbsp;<\/p>\n<blockquote><p>La estad\u00edstica, realizada con las cifras otorgadas por el Municipio en sus partes diarios, muestra un crecimiento lento \u2013pero sostenido- de internados en el centro de salud, algo que la propia comuna adelant\u00f3 d\u00edas atr\u00e1s.<\/p><\/blockquote>\n<p>&nbsp;<\/p>\n<p>En la \u00faltima conferencia de prensa, <strong>el secretario de Salud Germ\u00e1n Caputo admiti\u00f3 que estaban \u201cun poco asustados\u201d con el futuro de la pandemia<\/strong>. Como medida preventiva, el Municipio implement\u00f3 el programa de <strong>testeos masivos RTA (Rastrear \u2013 Testear \u2013 Aislar) para detectar casos de COVID<\/strong> y prevenir la propagaci\u00f3n del virus.<\/p>\n<p>&nbsp;<\/p>\n<p>En porcentajes, <strong>la comuna aclar\u00f3 que nunca se super\u00f3 el 60% de la ocupaci\u00f3n total de camas del centro de salud municipal.<\/strong> Otro punto a tener en cuenta es que no se contempla la ocupaci\u00f3n de las cl\u00ednicas privadas.<\/p>\n","protected":false},"excerpt":{"rendered":"<p>En un mes complejo para Olavarr\u00eda con la pandemia, el crecimiento de la ocupaci\u00f3n hospitalaria lleg\u00f3 hasta el \u00faltimo parte<\/p>\n","protected":false},"author":2,"featured_media":3821,"comment_status":"closed","ping_status":"closed","sticky":false,"template":"","format":"standard","meta":{"_jetpack_memberships_contains_paid_content":false,"footnotes":""},"categories":[5,1],"tags":[],"class_list":["post-5151","post","type-post","status-publish","format-standard","has-post-thumbnail","hentry","category-informacion-general","category-portada"],"jetpack_featured_media_url":"https:\/\/i0.wp.com\/cdnoticias.com\/wp-content\/uploads\/2020\/10\/hospital-municipal.jpg?fit=4608%2C3072&ssl=1","jetpack_sharing_enabled":true,"_links":{"self":[{"href":"https:\/\/cdnoticias.com\/index.php\/wp-json\/wp\/v2\/posts\/5151","targetHints":{"allow":["GET"]}}],"collection":[{"href":"https:\/\/cdnoticias.com\/index.php\/wp-json\/wp\/v2\/posts"}],"about":[{"href":"https:\/\/cdnoticias.com\/index.php\/wp-json\/wp\/v2\/types\/post"}],"author":[{"embeddable":true,"href":"https:\/\/cdnoticias.com\/index.php\/wp-json\/wp\/v2\/users\/2"}],"replies":[{"embeddable":true,"href":"https:\/\/cdnoticias.com\/index.php\/wp-json\/wp\/v2\/comments?post=5151"}],"version-history":[{"count":0,"href":"https:\/\/cdnoticias.com\/index.php\/wp-json\/wp\/v2\/posts\/5151\/revisions"}],"wp:featuredmedia":[{"embeddable":true,"href":"https:\/\/cdnoticias.com\/index.php\/wp-json\/wp\/v2\/media\/3821"}],"wp:attachment":[{"href":"https:\/\/cdnoticias.com\/index.php\/wp-json\/wp\/v2\/media?parent=5151"}],"wp:term":[{"taxonomy":"category","embeddable":true,"href":"https:\/\/cdnoticias.com\/index.php\/wp-json\/wp\/v2\/categories?post=5151"},{"taxonomy":"post_tag","embeddable":true,"href":"https:\/\/cdnoticias.com\/index.php\/wp-json\/wp\/v2\/tags?post=5151"}],"curies":[{"name":"wp","href":"https:\/\/api.w.org\/{rel}","templated":true}]}}