{"id":51502,"date":"2022-04-12T14:40:30","date_gmt":"2022-04-12T17:40:30","guid":{"rendered":"https:\/\/www.centraldenoticias.com.ar\/?p=51502"},"modified":"2022-04-12T14:40:30","modified_gmt":"2022-04-12T17:40:30","slug":"segui-en-vivo-el-debate-de-la-ley-de-alquileres","status":"publish","type":"post","link":"https:\/\/cdnoticias.com\/index.php\/2022\/04\/12\/segui-en-vivo-el-debate-de-la-ley-de-alquileres\/","title":{"rendered":"Segu\u00ed en VIVO el debate de la Ley de Alquileres"},"content":{"rendered":"<p>Diputados contin\u00faa trabajando en la mejora de la legislaci\u00f3n actual. La actividad en vivo.<!--more--><\/p>\n<hr \/>\n<p>La comisi\u00f3n de Legislaci\u00f3n General se re\u00fane en el Congreso para continuar el debate de la <strong>Ley 27.551 sobre Alquileres.<\/strong> Junto a expositores invitados, buscar\u00e1n mejorar la legislaci\u00f3n actual.<\/p>\n<p>&nbsp;<\/p>\n<p>Se espera la participaci\u00f3n de representantes del Consejo Federal de Colegios Inmobiliarios de la Argentina (CoFeCI); de la Agrupaci\u00f3n Inmobiliarias Argentinas; y del Centro de Estudios Metropolitanos Concejal\u00eda Popular, entre otros.<\/p>\n<p>&nbsp;<\/p>\n<p>Segu\u00ed en vivo la actividad:<\/p>\n<p>&nbsp;<\/p>\n<p><iframe loading=\"lazy\" title=\"YouTube video player\" src=\"https:\/\/www.youtube.com\/embed\/HfWPiW5Ylvs\" width=\"560\" height=\"315\" frameborder=\"0\" allowfullscreen=\"allowfullscreen\"><\/iframe><br \/>\nYouTube: Hcdn.tv<\/p>\n<p>&nbsp;<\/p>\n<p>Adem\u00e1s, pod\u00e9s elegir las siguientes opciones para informarte:<\/p>\n<p>&nbsp;<\/p>\n<p><strong>En TV:<\/strong> Diputados TV<\/p>\n<p><strong>En la web:<\/strong> dtv.diputados.gob.ar<\/p>\n<p><strong>FB:<\/strong> \/diputados.argentina<\/p>\n","protected":false},"excerpt":{"rendered":"<p>Diputados contin\u00faa trabajando en la mejora de la legislaci\u00f3n actual. La actividad en vivo.<\/p>\n","protected":false},"author":5,"featured_media":51504,"comment_status":"closed","ping_status":"closed","sticky":false,"template":"","format":"standard","meta":{"_jetpack_memberships_contains_paid_content":false,"footnotes":""},"categories":[6,1],"tags":[],"class_list":["post-51502","post","type-post","status-publish","format-standard","has-post-thumbnail","hentry","category-nacionales","category-portada"],"jetpack_featured_media_url":"https:\/\/i0.wp.com\/cdnoticias.com\/wp-content\/uploads\/2022\/04\/5ee3c1933a4cb_alquileres2.jpg?fit=400%2C400&ssl=1","jetpack_sharing_enabled":true,"_links":{"self":[{"href":"https:\/\/cdnoticias.com\/index.php\/wp-json\/wp\/v2\/posts\/51502","targetHints":{"allow":["GET"]}}],"collection":[{"href":"https:\/\/cdnoticias.com\/index.php\/wp-json\/wp\/v2\/posts"}],"about":[{"href":"https:\/\/cdnoticias.com\/index.php\/wp-json\/wp\/v2\/types\/post"}],"author":[{"embeddable":true,"href":"https:\/\/cdnoticias.com\/index.php\/wp-json\/wp\/v2\/users\/5"}],"replies":[{"embeddable":true,"href":"https:\/\/cdnoticias.com\/index.php\/wp-json\/wp\/v2\/comments?post=51502"}],"version-history":[{"count":0,"href":"https:\/\/cdnoticias.com\/index.php\/wp-json\/wp\/v2\/posts\/51502\/revisions"}],"wp:featuredmedia":[{"embeddable":true,"href":"https:\/\/cdnoticias.com\/index.php\/wp-json\/wp\/v2\/media\/51504"}],"wp:attachment":[{"href":"https:\/\/cdnoticias.com\/index.php\/wp-json\/wp\/v2\/media?parent=51502"}],"wp:term":[{"taxonomy":"category","embeddable":true,"href":"https:\/\/cdnoticias.com\/index.php\/wp-json\/wp\/v2\/categories?post=51502"},{"taxonomy":"post_tag","embeddable":true,"href":"https:\/\/cdnoticias.com\/index.php\/wp-json\/wp\/v2\/tags?post=51502"}],"curies":[{"name":"wp","href":"https:\/\/api.w.org\/{rel}","templated":true}]}}