{"id":51460,"date":"2022-04-11T19:49:15","date_gmt":"2022-04-11T22:49:15","guid":{"rendered":"https:\/\/www.centraldenoticias.com.ar\/?p=51460"},"modified":"2022-04-12T08:22:47","modified_gmt":"2022-04-12T11:22:47","slug":"este-lunes-llegaron-a-olavarria-1000-tarjetas-sube-la-demanda-era-real-no-era-algo-inexistente","status":"publish","type":"post","link":"https:\/\/cdnoticias.com\/index.php\/2022\/04\/11\/este-lunes-llegaron-a-olavarria-1000-tarjetas-sube-la-demanda-era-real-no-era-algo-inexistente\/","title":{"rendered":"Este lunes llegaron a Olavarr\u00eda 1000 tarjetas SUBE: &#8220;la demanda era real, no era algo inexistente&#8221;"},"content":{"rendered":"<p>As\u00ed lo confirm\u00f3 Enzo Russo, director administrativo de la Secretar\u00eda de Gobierno en di\u00e1logo con Central de Noticias. Los detalles.<br \/>\n<!--more--><\/p>\n<hr \/>\n<p>&nbsp;<\/p>\n<p>Luego de <strong>entregar 600 tarjetas SUBE<\/strong>, este lunes 11 <strong>llegaron a Olavarr\u00eda 1000 tarjetas m\u00e1s a la Terminal de \u00d3mnibus.<\/strong><\/p>\n<p>&nbsp;<\/p>\n<p><em>Central de Noticias<\/em> dialog\u00f3 con <strong>Enzo Russo,<\/strong> director administrativo de la Secretar\u00eda de Gobierno quien explic\u00f3 que &#8220;<strong>hab\u00eda una escasez de tarjetas en todos lados, no solo en Olavarr\u00eda<\/strong> as\u00ed que nos pusimos en contacto con gente de<strong> Naci\u00f3n Servicios<\/strong> y a trav\u00e9s de ellos pudimos acceder a un programa donde los usuarios pueden tener su tarjeta SUBE y pagarla cuando van a hacer la carga de saldo. Ante esta problem\u00e1tica Naci\u00f3n Servicios <strong>colabor\u00f3 con nosotros y <a href=\"https:\/\/cdnoticias.com\/index.php\/2022\/03\/18\/se-entregaran-600-tarjetas-sube-en-la-terminal\/\" target=\"_blank\" rel=\"noopener\">en una primera instancia se entregaron 600 tarjetas<\/a>&#8220;.<\/strong><\/p>\n<p>&nbsp;<\/p>\n<p>&nbsp;<\/p>\n<p><img data-recalc-dims=\"1\" loading=\"lazy\" decoding=\"async\" class=\"aligncenter wp-image-49171 size-full\" src=\"https:\/\/i0.wp.com\/cdnoticias.com\/wp-content\/uploads\/2022\/03\/HCD-legislacion-enzo-russo.jpg?resize=800%2C445&#038;ssl=1\" alt=\"\" width=\"800\" height=\"445\" srcset=\"https:\/\/i0.wp.com\/cdnoticias.com\/wp-content\/uploads\/2022\/03\/HCD-legislacion-enzo-russo.jpg?w=981&amp;ssl=1 981w, https:\/\/i0.wp.com\/cdnoticias.com\/wp-content\/uploads\/2022\/03\/HCD-legislacion-enzo-russo.jpg?resize=300%2C167&amp;ssl=1 300w, https:\/\/i0.wp.com\/cdnoticias.com\/wp-content\/uploads\/2022\/03\/HCD-legislacion-enzo-russo.jpg?resize=768%2C427&amp;ssl=1 768w, https:\/\/i0.wp.com\/cdnoticias.com\/wp-content\/uploads\/2022\/03\/HCD-legislacion-enzo-russo.jpg?resize=800%2C445&amp;ssl=1 800w\" sizes=\"auto, (max-width: 800px) 100vw, 800px\" \/><\/p>\n<p>&nbsp;<\/p>\n<blockquote><p>Despu\u00e9s hicimos nuevamente las nuevas gestiones y hoy lunes llegaron 1000 m\u00e1s, as\u00ed que los vecinos van a poder pagar la tarjeta sube al valor real que es $90. Nosotros lo que estuvo al alcance nuestro lo hicimos y por suerte lo pudimos conseguir.<\/p><\/blockquote>\n<p>&nbsp;<\/p>\n<p>&nbsp;<\/p>\n<p>En cuanto a la <strong>demanda en la ciudad,<\/strong> Russo coment\u00f3 que <strong>&#8220;la primera tanda de 600 se vendi\u00f3 como corresponde y entendieron que la demanda era real, no era algo inexistente.<\/strong> Entonces nos mandaron 1000 hoy. La <strong>demanda en esta \u00e9poca del a\u00f1o aumenta m\u00e1s<\/strong> ahora que se empiezan a usar por el <strong>comienzo en los colegios<\/strong> y adem\u00e1s los chicos las pierden y algunos no la tienen y las empiezan a tramitar ahora&#8221;.<\/p>\n<p>&nbsp;<\/p>\n<p>Por \u00faltimo agreg\u00f3 que &#8220;<strong>es una buena noticia para los vecinos de Olavarr\u00eda que puedan conseguir la tarjeta en la Terminal de \u00d3mnibus as\u00ed que por ese lado contentos por lo que se pudo hacer&#8221;.<\/strong><\/p>\n<p>&nbsp;<\/p>\n<p>Para los <strong>interesados en obtener una tarjeta SUBE<\/strong> <strong>deben ir a la Terminal de \u00d3mnibus<\/strong> de<strong> lunes a viernes en el horario de 8:00 a 14:00<\/strong> (en el primer piso en la oficina de transporte) el titular de la misma con el <strong>DNI.<\/strong><\/p>\n<p>&nbsp;<\/p>\n<p>Esta modalidad abarca a <strong>los que ya est\u00e1n registrados, a los que la extraviaron o a los que nunca tuvieron tarjeta<\/strong>. Al<strong> realizar la primera carga se descontar\u00e1 los $90 que es el valor que tiene la tarjeta<\/strong>.<\/p>\n","protected":false},"excerpt":{"rendered":"<p>As\u00ed lo confirm\u00f3 Enzo Russo, director administrativo de la Secretar\u00eda de Gobierno en di\u00e1logo con Central de Noticias. Los detalles.<\/p>\n","protected":false},"author":6,"featured_media":51461,"comment_status":"closed","ping_status":"closed","sticky":false,"template":"","format":"standard","meta":{"_jetpack_memberships_contains_paid_content":false,"footnotes":""},"categories":[5,1],"tags":[],"class_list":["post-51460","post","type-post","status-publish","format-standard","has-post-thumbnail","hentry","category-informacion-general","category-portada"],"jetpack_featured_media_url":"https:\/\/i0.wp.com\/cdnoticias.com\/wp-content\/uploads\/2022\/04\/Transporte-Tarjeta-Sube-entrega-1024x576-1.jpg?fit=1024%2C576&ssl=1","jetpack_sharing_enabled":true,"_links":{"self":[{"href":"https:\/\/cdnoticias.com\/index.php\/wp-json\/wp\/v2\/posts\/51460","targetHints":{"allow":["GET"]}}],"collection":[{"href":"https:\/\/cdnoticias.com\/index.php\/wp-json\/wp\/v2\/posts"}],"about":[{"href":"https:\/\/cdnoticias.com\/index.php\/wp-json\/wp\/v2\/types\/post"}],"author":[{"embeddable":true,"href":"https:\/\/cdnoticias.com\/index.php\/wp-json\/wp\/v2\/users\/6"}],"replies":[{"embeddable":true,"href":"https:\/\/cdnoticias.com\/index.php\/wp-json\/wp\/v2\/comments?post=51460"}],"version-history":[{"count":0,"href":"https:\/\/cdnoticias.com\/index.php\/wp-json\/wp\/v2\/posts\/51460\/revisions"}],"wp:featuredmedia":[{"embeddable":true,"href":"https:\/\/cdnoticias.com\/index.php\/wp-json\/wp\/v2\/media\/51461"}],"wp:attachment":[{"href":"https:\/\/cdnoticias.com\/index.php\/wp-json\/wp\/v2\/media?parent=51460"}],"wp:term":[{"taxonomy":"category","embeddable":true,"href":"https:\/\/cdnoticias.com\/index.php\/wp-json\/wp\/v2\/categories?post=51460"},{"taxonomy":"post_tag","embeddable":true,"href":"https:\/\/cdnoticias.com\/index.php\/wp-json\/wp\/v2\/tags?post=51460"}],"curies":[{"name":"wp","href":"https:\/\/api.w.org\/{rel}","templated":true}]}}