{"id":5145,"date":"2020-10-29T11:07:59","date_gmt":"2020-10-29T14:07:59","guid":{"rendered":"http:\/\/www.centraldenoticias.com.ar\/?p=5145"},"modified":"2020-10-29T11:07:59","modified_gmt":"2020-10-29T14:07:59","slug":"gonzalo-torres-este-jueves-en-artistas-locales-a-la-gorra-digital","status":"publish","type":"post","link":"https:\/\/cdnoticias.com\/index.php\/2020\/10\/29\/gonzalo-torres-este-jueves-en-artistas-locales-a-la-gorra-digital\/","title":{"rendered":"Gonzalo Torres, este jueves en \u201cArtistas locales a la gorra digital\u201d"},"content":{"rendered":"<p>El artista despide la tercera temporada del ciclo. Actuar\u00e1 este jueves de las 21 con la propuesta de \u201cgorra digital\u201d para contribuir con el m\u00fasico.<!--more--><\/p>\n<hr \/>\n<p><strong>Este jueves a las 21 el Ciclo \u201cArtistas locales a la gorra digital\u201d del Foro Olavarr\u00eda dar\u00e1 por finalizada la tercera temporada<\/strong>. Con esta edici\u00f3n, el ciclo llega a su 32\u00aa emisi\u00f3n en la cual se presentar\u00e1 <strong>Gonzalo Torres<\/strong> con un show musical ac\u00fastico desde su hogar.<\/p>\n<p>Como de costumbre a lo largo de todo el Ciclo, <strong>el evento ser\u00e1 transmitido de manera online<\/strong> a trav\u00e9s de la p\u00e1gina web del Foro Olavarr\u00eda y las plataformas Facebook Live, Instagram y YouTube.<\/p>\n<p>Adem\u00e1s, <strong>con la propuesta de \u201cgorra digital\u201d se ofrece al p\u00fablico la posibilidad de contribuir con el artista mediante Mercado Pago<\/strong>. Para ello, durante el show se estar\u00e1 compartiendo el enlace correspondiente, y tambi\u00e9n se ofrece la opci\u00f3n de escaneo de un c\u00f3digo QR. Quienes decidan colaborar, pueden hacerlo mediante uno o varios pagos de $100 a trav\u00e9s de tarjeta de cr\u00e9dito o d\u00e9bito. El aporte podr\u00e1 ser realizado tanto durante la transmisi\u00f3n como una vez finalizada, dejando la \u201cgorra digital\u201d abierta los d\u00edas posteriores al show. Cabe aclarar que <strong>el monto recolectado ser\u00e1 directamente depositado en la cuenta bancaria del artista<\/strong>, sin intermediaci\u00f3n de la organizaci\u00f3n.<\/p>\n<p><img data-recalc-dims=\"1\" loading=\"lazy\" decoding=\"async\" class=\"aligncenter wp-image-5146\" src=\"https:\/\/i0.wp.com\/cdnoticias.com\/wp-content\/uploads\/2020\/10\/HorizontalTorres.jpg?resize=500%2C281&#038;ssl=1\" alt=\"\" width=\"500\" height=\"281\" srcset=\"https:\/\/i0.wp.com\/cdnoticias.com\/wp-content\/uploads\/2020\/10\/HorizontalTorres.jpg?resize=300%2C169&amp;ssl=1 300w, https:\/\/i0.wp.com\/cdnoticias.com\/wp-content\/uploads\/2020\/10\/HorizontalTorres.jpg?resize=768%2C432&amp;ssl=1 768w, https:\/\/i0.wp.com\/cdnoticias.com\/wp-content\/uploads\/2020\/10\/HorizontalTorres.jpg?resize=1024%2C576&amp;ssl=1 1024w, https:\/\/i0.wp.com\/cdnoticias.com\/wp-content\/uploads\/2020\/10\/HorizontalTorres.jpg?w=1280&amp;ssl=1 1280w\" sizes=\"auto, (max-width: 500px) 100vw, 500px\" \/><\/p>\n<p>La tercera temporada del Ciclo \u201cArtistas locales a la gorra digital\u201d, impulsado por el Foro Olavarr\u00eda, finaliza este jueves. Con la conducci\u00f3n de Mar\u00eda In\u00e9s Banegas, a las 21 se presentar\u00e1 Gonzalo Torres quien adem\u00e1s es profesor de artes visuales, encabeza la banda Dr. Setto &amp; the maco\u00f1a staff, creada en 2008. El grupo ha tenido recorrido por varios bares locales y en CABA entre los a\u00f1os 2008 y 2014. Hoy en d\u00eda vuelve en formato ac\u00fastico y \u201cdesde casa\u201d.<\/p>\n<p>En d\u00f3nde se puede ver: en\u00a0<a href=\"https:\/\/youtu.be\/Lo84jZH853A\" target=\"_blank\" rel=\"noopener\">YouTube<\/a>, en\u00a0<a href=\"https:\/\/www.instagram.com\/foroolavarria\/\" target=\"_blank\" rel=\"noopener\">Instagram<\/a>, en\u00a0<a href=\"https:\/\/www.facebook.com\/252972125271447\/posts\/808092089759445\/\" target=\"_blank\" rel=\"noopener\">Facebook Live<\/a>.<\/p>\n<p>La conducci\u00f3n del Ciclo est\u00e1 a cargo de <strong>Mart\u00edn Ferrari, Luis Donatelli, Diana Brisioli y Seba Bonavetti<\/strong>. Para esta tercera temporada se suman <strong>Mar\u00eda In\u00e9s Banegas, Rauly Z\u00e1rate, Miguel Carlos y Mario Delgado<\/strong>. La coordinaci\u00f3n t\u00e9cnica est\u00e1 a cargo de <strong>Agust\u00edn Alfonzo<\/strong>.<\/p>\n<p>Por \u00faltimo, desde el Foro Olavarr\u00eda se invit\u00f3 a participar del streaming en YouTube y Facebook Live, y de las actividades del Foro ingresando al <a href=\"https:\/\/www.foroolavarria.org\" target=\"_blank\" rel=\"noopener\">sitio<\/a>. Tambi\u00e9n pueden escribir al correo electr\u00f3nico <em>foroolavarria@gmail.com<\/em> o comunicarse v\u00eda WhatsApp del Foro Olavarr\u00eda al <em>2284-554873<\/em>.<\/p>\n","protected":false},"excerpt":{"rendered":"<p>El artista despide la tercera temporada del ciclo. Actuar\u00e1 este jueves de las 21 con la propuesta de \u201cgorra digital\u201d<\/p>\n","protected":false},"author":4,"featured_media":5149,"comment_status":"closed","ping_status":"closed","sticky":false,"template":"","format":"standard","meta":{"_jetpack_memberships_contains_paid_content":false,"footnotes":""},"categories":[9,1],"tags":[],"class_list":["post-5145","post","type-post","status-publish","format-standard","has-post-thumbnail","hentry","category-cultura","category-portada"],"jetpack_featured_media_url":"https:\/\/i0.wp.com\/cdnoticias.com\/wp-content\/uploads\/2020\/10\/GonzaloTorres-01.jpg?fit=768%2C430&ssl=1","jetpack_sharing_enabled":true,"_links":{"self":[{"href":"https:\/\/cdnoticias.com\/index.php\/wp-json\/wp\/v2\/posts\/5145","targetHints":{"allow":["GET"]}}],"collection":[{"href":"https:\/\/cdnoticias.com\/index.php\/wp-json\/wp\/v2\/posts"}],"about":[{"href":"https:\/\/cdnoticias.com\/index.php\/wp-json\/wp\/v2\/types\/post"}],"author":[{"embeddable":true,"href":"https:\/\/cdnoticias.com\/index.php\/wp-json\/wp\/v2\/users\/4"}],"replies":[{"embeddable":true,"href":"https:\/\/cdnoticias.com\/index.php\/wp-json\/wp\/v2\/comments?post=5145"}],"version-history":[{"count":0,"href":"https:\/\/cdnoticias.com\/index.php\/wp-json\/wp\/v2\/posts\/5145\/revisions"}],"wp:featuredmedia":[{"embeddable":true,"href":"https:\/\/cdnoticias.com\/index.php\/wp-json\/wp\/v2\/media\/5149"}],"wp:attachment":[{"href":"https:\/\/cdnoticias.com\/index.php\/wp-json\/wp\/v2\/media?parent=5145"}],"wp:term":[{"taxonomy":"category","embeddable":true,"href":"https:\/\/cdnoticias.com\/index.php\/wp-json\/wp\/v2\/categories?post=5145"},{"taxonomy":"post_tag","embeddable":true,"href":"https:\/\/cdnoticias.com\/index.php\/wp-json\/wp\/v2\/tags?post=5145"}],"curies":[{"name":"wp","href":"https:\/\/api.w.org\/{rel}","templated":true}]}}