{"id":51427,"date":"2022-04-11T16:10:56","date_gmt":"2022-04-11T19:10:56","guid":{"rendered":"https:\/\/www.centraldenoticias.com.ar\/?p=51427"},"modified":"2022-04-11T16:10:56","modified_gmt":"2022-04-11T19:10:56","slug":"caso-woldryk-encontraron-ropa-desaparecido-en-bolivar","status":"publish","type":"post","link":"https:\/\/cdnoticias.com\/index.php\/2022\/04\/11\/caso-woldryk-encontraron-ropa-desaparecido-en-bolivar\/","title":{"rendered":"Caso Woldryk: encontraron ropa que podr\u00eda ser del pe\u00f3n rural desaparecido en Bol\u00edvar"},"content":{"rendered":"<p>Las prendas fueron halladas en cercan\u00edas del canal Mercante, en la localidad de Carlos Casares.<!--more--><\/p>\n<hr \/>\n<p><strong>Un pescador encontr\u00f3 prendas de vestir que ser\u00edan de Juan Carlos Woldryk<\/strong>, <a href=\"https:\/\/cdnoticias.com\/index.php\/2022\/04\/01\/amplia-busqueda-en-bolivar-un-joven-lleva-48-horas-desaparecido\/\">el pe\u00f3n rural que desapareci\u00f3 el mi\u00e9rcoles 30 de marzo mientras trabajaba en el campo \u201cEl Rinc\u00f3n\u201d<\/a> del partido bonaerense de Bol\u00edvar.<\/p>\n<p>&nbsp;<\/p>\n<p>Las prendas<strong> fueron halladas el s\u00e1bado a la noche, en las inmediaciones del canal Mercante de la localidad de Carlos Casares<\/strong>, a unos 140 kil\u00f3metros de Bol\u00edvar.<\/p>\n<p>&nbsp;<\/p>\n<figure id=\"attachment_50762\" aria-describedby=\"caption-attachment-50762\" style=\"width: 800px\" class=\"wp-caption aligncenter\"><img data-recalc-dims=\"1\" loading=\"lazy\" decoding=\"async\" class=\"wp-image-50762 size-full\" src=\"https:\/\/i0.wp.com\/cdnoticias.com\/wp-content\/uploads\/2022\/04\/diario-la-manana-caso-woldryck-fiscal-sebastian-0.jpg?resize=800%2C445&#038;ssl=1\" alt=\"\" width=\"800\" height=\"445\" srcset=\"https:\/\/i0.wp.com\/cdnoticias.com\/wp-content\/uploads\/2022\/04\/diario-la-manana-caso-woldryck-fiscal-sebastian-0.jpg?w=800&amp;ssl=1 800w, https:\/\/i0.wp.com\/cdnoticias.com\/wp-content\/uploads\/2022\/04\/diario-la-manana-caso-woldryck-fiscal-sebastian-0.jpg?resize=300%2C167&amp;ssl=1 300w, https:\/\/i0.wp.com\/cdnoticias.com\/wp-content\/uploads\/2022\/04\/diario-la-manana-caso-woldryck-fiscal-sebastian-0.jpg?resize=768%2C427&amp;ssl=1 768w\" sizes=\"auto, (max-width: 800px) 100vw, 800px\" \/><figcaption id=\"caption-attachment-50762\" class=\"wp-caption-text\">La fiscal Julia Sebasti\u00e1n lleva adelante la investigaci\u00f3n.<\/figcaption><\/figure>\n<p>&nbsp;<\/p>\n<p>Polic\u00edas de la Direcci\u00f3n de investigaciones y de Polic\u00eda Cient\u00edfica realizaban las <strong>pericias de las vestimentas<\/strong>, cuyo resultado se conocer\u00e1 en las pr\u00f3ximas horas, seg\u00fan se comunic\u00f3 desde la Sub Delegaci\u00f3n de Investigaciones Bol\u00edvar.<\/p>\n<p>&nbsp;<\/p>\n<p>Seg\u00fan public\u00f3 el diario La Ma\u00f1ana, <strong>parte del dispositivo de rastrillaje que se form\u00f3 para encontrar a Woldryk, se traslad\u00f3 a las inmediaciones de la intersecci\u00f3n de las Rutas 5 y 50 de Carlos Casares<\/strong>, donde se encuentra el canal Mercante.<\/p>\n<p>&nbsp;<\/p>\n<p>Vale recordar que <strong>la principal hip\u00f3tesis del caso se basa en que la desaparici\u00f3n de Woldryk <a href=\"https:\/\/cdnoticias.com\/index.php\/2022\/04\/04\/caso-woldryck-se-analiza-la-extorsion-como-el-movil-de-la-desaparicion-en-bolivar\/\" target=\"_blank\" rel=\"noopener\">se relaciona con una extorsi\u00f3n<\/a><\/strong>.<\/p>\n<p>&nbsp;<\/p>\n<p>Fuente: <em>Agencia DIB<\/em><\/p>\n","protected":false},"excerpt":{"rendered":"<p>Las prendas fueron halladas en cercan\u00edas del canal Mercante, en la localidad de Carlos Casares.<\/p>\n","protected":false},"author":4,"featured_media":51428,"comment_status":"closed","ping_status":"closed","sticky":false,"template":"","format":"standard","meta":{"_jetpack_memberships_contains_paid_content":false,"footnotes":""},"categories":[6,1],"tags":[],"class_list":["post-51427","post","type-post","status-publish","format-standard","has-post-thumbnail","hentry","category-nacionales","category-portada"],"jetpack_featured_media_url":"https:\/\/i0.wp.com\/cdnoticias.com\/wp-content\/uploads\/2022\/04\/DIB-bolivar-caso-woldryk.jpg?fit=1024%2C637&ssl=1","jetpack_sharing_enabled":true,"_links":{"self":[{"href":"https:\/\/cdnoticias.com\/index.php\/wp-json\/wp\/v2\/posts\/51427","targetHints":{"allow":["GET"]}}],"collection":[{"href":"https:\/\/cdnoticias.com\/index.php\/wp-json\/wp\/v2\/posts"}],"about":[{"href":"https:\/\/cdnoticias.com\/index.php\/wp-json\/wp\/v2\/types\/post"}],"author":[{"embeddable":true,"href":"https:\/\/cdnoticias.com\/index.php\/wp-json\/wp\/v2\/users\/4"}],"replies":[{"embeddable":true,"href":"https:\/\/cdnoticias.com\/index.php\/wp-json\/wp\/v2\/comments?post=51427"}],"version-history":[{"count":0,"href":"https:\/\/cdnoticias.com\/index.php\/wp-json\/wp\/v2\/posts\/51427\/revisions"}],"wp:featuredmedia":[{"embeddable":true,"href":"https:\/\/cdnoticias.com\/index.php\/wp-json\/wp\/v2\/media\/51428"}],"wp:attachment":[{"href":"https:\/\/cdnoticias.com\/index.php\/wp-json\/wp\/v2\/media?parent=51427"}],"wp:term":[{"taxonomy":"category","embeddable":true,"href":"https:\/\/cdnoticias.com\/index.php\/wp-json\/wp\/v2\/categories?post=51427"},{"taxonomy":"post_tag","embeddable":true,"href":"https:\/\/cdnoticias.com\/index.php\/wp-json\/wp\/v2\/tags?post=51427"}],"curies":[{"name":"wp","href":"https:\/\/api.w.org\/{rel}","templated":true}]}}