{"id":5140,"date":"2020-10-29T10:28:44","date_gmt":"2020-10-29T13:28:44","guid":{"rendered":"http:\/\/www.centraldenoticias.com.ar\/?p=5140"},"modified":"2020-10-29T10:28:44","modified_gmt":"2020-10-29T13:28:44","slug":"el-programa-rta-llegara-el-sabado-al-paseo-de-la-salud","status":"publish","type":"post","link":"https:\/\/cdnoticias.com\/index.php\/2020\/10\/29\/el-programa-rta-llegara-el-sabado-al-paseo-de-la-salud\/","title":{"rendered":"El programa RTA llegar\u00e1 el s\u00e1bado al Paseo de la Salud"},"content":{"rendered":"<p>Se agreg\u00f3 una jornada a la detecci\u00f3n de casos de Covid: de 10 a 12 del s\u00e1bado, el equipo de Salud estar\u00e1 en el Parque Mitre. En esta segunda etapa ya se han realizado 380 testeos en ocho sedes.<!--more--><\/p>\n<hr \/>\n<p>La Secretar\u00eda de Salud del Municipio inform\u00f3 que <strong>este s\u00e1bado 31 de octubre se realizar\u00e1 la \u00faltima jornada de la segunda etapa del Programa RTA. Ser\u00e1 en el horario de 10 a 12 horas en el Paseo de la Salud, en Brown y Belgrano del Parque Mitre<\/strong>.<\/p>\n<p>All\u00ed se ubica un container especialmente equipado para realizar controles sanitarios y actividades de concientizaci\u00f3n, y con esta nueva sede el programa sum\u00f3 una nueva jornada.<\/p>\n<p>\u201cEl objetivo del programa RTA de detecci\u00f3n intensiva de casos de Covid-19 es la <strong>detecci\u00f3n temprana y aislamiento precoz<\/strong>, tanto de los pacientes que tengan la enfermedad, como tambi\u00e9n sus contactos estrechos\u201d se record\u00f3.<\/p>\n<p>Durante esta semana se realiz\u00f3 la segunda edici\u00f3n, con sedes de testeos en Espigas, Blanca Grande, Territorial N\u00ba1, Barrio AOMA, Barrio Bel\u00e9n, Villa Magdalena, Hinojo y Colonia San Miguel. <strong>En estas jornadas se han realizado 380 testeos y se han detectado 135 casos positivos.<\/strong> Este jueves ser\u00e1 en Santa Luisa y Loma Negra, mientras que el viernes seguir\u00e1 en el CAPS N\u00ba7.<\/p>\n<p>A quienes presenten s\u00edntomas como tos, falta de olfato, falta de gusto, m\u00e1s de 37.5\u00ba de fiebre, dolor de garganta, falta de aire o m\u00e1s de 48 horas con diarrea, se les solicita que concurran a los centros de testeos m\u00e1s pr\u00f3ximos a su domicilio.<\/p>\n<p>A todo paciente con s\u00edntomas compatibles se le indicar\u00e1 el aislamiento junto con sus contactos estrechos hasta el resultado del test. No se realizar\u00e1 hisopado de pacientes asintom\u00e1ticos o con otros s\u00edntomas asociados con menor frecuencia a COVID-19, debido a la pobre sensibilidad del test en esas circunstancias.<\/p>\n","protected":false},"excerpt":{"rendered":"<p>Se agreg\u00f3 una jornada a la detecci\u00f3n de casos de Covid: de 10 a 12 del s\u00e1bado, el equipo de<\/p>\n","protected":false},"author":4,"featured_media":4898,"comment_status":"closed","ping_status":"closed","sticky":false,"template":"","format":"standard","meta":{"_jetpack_memberships_contains_paid_content":false,"footnotes":""},"categories":[5,1],"tags":[],"class_list":["post-5140","post","type-post","status-publish","format-standard","has-post-thumbnail","hentry","category-informacion-general","category-portada"],"jetpack_featured_media_url":"https:\/\/i0.wp.com\/cdnoticias.com\/wp-content\/uploads\/2020\/10\/Hisopado-1-696x463.jpg?fit=696%2C463&ssl=1","jetpack_sharing_enabled":true,"_links":{"self":[{"href":"https:\/\/cdnoticias.com\/index.php\/wp-json\/wp\/v2\/posts\/5140","targetHints":{"allow":["GET"]}}],"collection":[{"href":"https:\/\/cdnoticias.com\/index.php\/wp-json\/wp\/v2\/posts"}],"about":[{"href":"https:\/\/cdnoticias.com\/index.php\/wp-json\/wp\/v2\/types\/post"}],"author":[{"embeddable":true,"href":"https:\/\/cdnoticias.com\/index.php\/wp-json\/wp\/v2\/users\/4"}],"replies":[{"embeddable":true,"href":"https:\/\/cdnoticias.com\/index.php\/wp-json\/wp\/v2\/comments?post=5140"}],"version-history":[{"count":0,"href":"https:\/\/cdnoticias.com\/index.php\/wp-json\/wp\/v2\/posts\/5140\/revisions"}],"wp:featuredmedia":[{"embeddable":true,"href":"https:\/\/cdnoticias.com\/index.php\/wp-json\/wp\/v2\/media\/4898"}],"wp:attachment":[{"href":"https:\/\/cdnoticias.com\/index.php\/wp-json\/wp\/v2\/media?parent=5140"}],"wp:term":[{"taxonomy":"category","embeddable":true,"href":"https:\/\/cdnoticias.com\/index.php\/wp-json\/wp\/v2\/categories?post=5140"},{"taxonomy":"post_tag","embeddable":true,"href":"https:\/\/cdnoticias.com\/index.php\/wp-json\/wp\/v2\/tags?post=5140"}],"curies":[{"name":"wp","href":"https:\/\/api.w.org\/{rel}","templated":true}]}}