{"id":51395,"date":"2024-05-21T18:16:50","date_gmt":"2024-05-21T21:16:50","guid":{"rendered":"https:\/\/centraldeportes.com.ar\/?p=51395"},"modified":"2025-02-13T17:38:05","modified_gmt":"2025-02-13T20:38:05","slug":"ferro-fue-el-1-y-quedaron-definidos-los-playoffs-clasificatorios","status":"publish","type":"post","link":"https:\/\/cdnoticias.com\/index.php\/2024\/05\/21\/ferro-fue-el-1-y-quedaron-definidos-los-playoffs-clasificatorios\/","title":{"rendered":"Ferro fue el \u201c1\u201d y quedaron definidos los playoffs clasificatorios"},"content":{"rendered":"<p>Ocho son los clasificados a la siguiente ronda y cuatro de ellos seguir\u00e1n en carrera para enfrentarse a los representantes de Bol\u00edvar. Adem\u00e1s, habr\u00e1 partidos por la permanencia.<!--more--><\/p>\n<hr \/>\n<p>La <strong>etapa local del Torneo Uni\u00f3n Deportiva Regional<\/strong> finaliz\u00f3 el pasado domingo la Fase Regular y, con <strong>Ferro como el mejor equipo posicionado en la tabla<\/strong>, quedaron definidos los playoffs que determinar\u00e1n a los representantes olavarrienses en la continuidad de la competencia.<\/p>\n<p>&nbsp;<\/p>\n<p><strong>Vale recordar que los enfrentamientos ser\u00e1n de 180 minutos y los cuatro primeros equipos gozar\u00e1n de ventaja deportiva y de local\u00eda<\/strong>.<\/p>\n<p>&nbsp;<\/p>\n<p><img data-recalc-dims=\"1\" loading=\"lazy\" decoding=\"async\" class=\"aligncenter size-full wp-image-51397\" src=\"https:\/\/i0.wp.com\/cdnoticias.com\/wp-content\/uploads\/2024\/05\/Playoffs-clasificatorios-TUDR-e1716326168667.png?resize=553%2C332&#038;ssl=1\" alt=\"\" width=\"553\" height=\"332\" \/><\/p>\n<p>&nbsp;<\/p>\n<p>Por otro lado, los cuatro clubes que no lograron la clasificaci\u00f3n se enfrentar\u00e1n por la permanencia. Es decir, los perdedores de cada llave <strong>jugar\u00e1n entre s\u00ed para dictaminar al primero de los equipos que jugar\u00e1 por el descenso a la Divisional B<\/strong>. El siguiente saldr\u00e1 del pr\u00f3ximo torneo.<\/p>\n<p>&nbsp;<\/p>\n<p><img data-recalc-dims=\"1\" loading=\"lazy\" decoding=\"async\" class=\"aligncenter size-full wp-image-51396\" src=\"https:\/\/i0.wp.com\/cdnoticias.com\/wp-content\/uploads\/2024\/05\/Permanencia-TUDR-e1716326193898.png?resize=544%2C171&#038;ssl=1\" alt=\"\" width=\"544\" height=\"171\" \/><\/p>\n<p>&nbsp;<\/p>\n<ul>\n<li>\n<h6><strong>Resultados de la Fecha 11:<\/strong><\/h6>\n<\/li>\n<\/ul>\n<p>&nbsp;<\/p>\n<p><strong>Espigas<\/strong> (Bruno Pal -2-, Lautaro Barrionuevo y Axel Arce)<strong> 4 \u2013 0 Colonias y Cerros<\/strong><\/p>\n<p><strong>San Mart\u00edn 0 \u2013 1 El Fort\u00edn<\/strong> (Marcos Bonavetti)<\/p>\n<p><strong>Ferro<\/strong> (Ram\u00f3n S\u00e1nchez -2- y Joaqu\u00edn Stular -2-) <strong>4 \u2013 1 Sierra Chica<\/strong> (Miqueas Molina)<\/p>\n<p><a href=\"https:\/\/cdnoticias.com\/racing-con-suspenso-en-el-final-derroto-a-embajadores-en-el-sintetico\/\"><strong>Embajadores<\/strong> (Franco Carlucci y Emilio Scipioni) <strong>2 \u2013 3 Racing<\/strong> (Pablo Mujica -2- y Ferm\u00edn Kolman)<\/a><\/p>\n<p><strong>Hinojo 0 \u2013 0 Loma Negra<\/strong><\/p>\n<p><strong>Estudiantes<\/strong> (Lautaro Crivelli y Juan Ignacio Basterrica) <strong>2 \u2013 1 Municipales<\/strong> (Thiago Andreu)<\/p>\n<p><img data-recalc-dims=\"1\" loading=\"lazy\" decoding=\"async\" class=\"aligncenter size-full wp-image-51399\" src=\"https:\/\/i0.wp.com\/cdnoticias.com\/wp-content\/uploads\/2024\/05\/Posiciones-11%C2%B0-Fecha-TUDR-Primera.png?resize=788%2C568&#038;ssl=1\" alt=\"\" width=\"788\" height=\"568\" \/><\/p>\n<p>&nbsp;<\/p>\n<p><em><strong>Foto: Gabo Foti (Olavarr\u00eda Noticias).<\/strong><\/em><\/p>\n","protected":false},"excerpt":{"rendered":"<p>Ocho son los clasificados a la siguiente ronda y cuatro de ellos seguir\u00e1n en carrera para enfrentarse a los representantes<\/p>\n","protected":false},"author":96739694,"featured_media":161213,"comment_status":"closed","ping_status":"closed","sticky":false,"template":"","format":"standard","meta":{"_jetpack_memberships_contains_paid_content":false,"footnotes":""},"categories":[35,1,41],"tags":[],"class_list":["post-51395","post","type-post","status-publish","format-standard","has-post-thumbnail","hentry","category-futbol","category-portada","category-primera-y-reserva"],"jetpack_featured_media_url":"https:\/\/i0.wp.com\/cdnoticias.com\/wp-content\/uploads\/2024\/05\/Ferro-TUDR-Fecha-11-e1716326251860.jpg?fit=916%2C525&ssl=1","jetpack_sharing_enabled":true,"_links":{"self":[{"href":"https:\/\/cdnoticias.com\/index.php\/wp-json\/wp\/v2\/posts\/51395","targetHints":{"allow":["GET"]}}],"collection":[{"href":"https:\/\/cdnoticias.com\/index.php\/wp-json\/wp\/v2\/posts"}],"about":[{"href":"https:\/\/cdnoticias.com\/index.php\/wp-json\/wp\/v2\/types\/post"}],"author":[{"embeddable":true,"href":"https:\/\/cdnoticias.com\/index.php\/wp-json\/wp\/v2\/users\/96739694"}],"replies":[{"embeddable":true,"href":"https:\/\/cdnoticias.com\/index.php\/wp-json\/wp\/v2\/comments?post=51395"}],"version-history":[{"count":0,"href":"https:\/\/cdnoticias.com\/index.php\/wp-json\/wp\/v2\/posts\/51395\/revisions"}],"wp:featuredmedia":[{"embeddable":true,"href":"https:\/\/cdnoticias.com\/index.php\/wp-json\/wp\/v2\/media\/161213"}],"wp:attachment":[{"href":"https:\/\/cdnoticias.com\/index.php\/wp-json\/wp\/v2\/media?parent=51395"}],"wp:term":[{"taxonomy":"category","embeddable":true,"href":"https:\/\/cdnoticias.com\/index.php\/wp-json\/wp\/v2\/categories?post=51395"},{"taxonomy":"post_tag","embeddable":true,"href":"https:\/\/cdnoticias.com\/index.php\/wp-json\/wp\/v2\/tags?post=51395"}],"curies":[{"name":"wp","href":"https:\/\/api.w.org\/{rel}","templated":true}]}}