{"id":51383,"date":"2022-04-14T18:46:50","date_gmt":"2022-04-14T21:46:50","guid":{"rendered":"https:\/\/www.centraldenoticias.com.ar\/?p=51383"},"modified":"2022-04-14T18:46:50","modified_gmt":"2022-04-14T21:46:50","slug":"coopelectric-se-reunio-con-el-frente-de-organizaciones-en-lucha-abordaron-distintos-temas","status":"publish","type":"post","link":"https:\/\/cdnoticias.com\/index.php\/2022\/04\/14\/coopelectric-se-reunio-con-el-frente-de-organizaciones-en-lucha-abordaron-distintos-temas\/","title":{"rendered":"Coopelectric se reuni\u00f3 con el Frente de Organizaciones en Lucha: abordaron distintos temas"},"content":{"rendered":"<p>Hablaron de alumbrado p\u00fablico, las l\u00edneas de comunicaci\u00f3n para realizar reclamos y la posibilidad de contemplar la situaci\u00f3n socioecon\u00f3mica de cada familia del barrio.<!--more--><\/p>\n<hr \/>\n<p>En los \u00faltimos d\u00edas se llev\u00f3 a cabo un encuentro entre<strong> las autoridades de Coopelectric e integrantes del Frente de Organizaciones en Lucha (FOL).<\/strong> En la sede administrativa de la cooperativa estuvieron presentes el titular del Consejo de Administraci\u00f3n Cruz Arouxet, el consejero Jos\u00e9 Mor\u00e1n, el S\u00edndico Horacio Balbiani, el gerente de Coordinaci\u00f3n Ejecutiva Oscar L\u00f3pez, el gerente de Distribuci\u00f3n del Servicio El\u00e9ctrico Claudio N\u00e1poli y las referentes del FOL Marina Lucero y Ruth Delaude.<\/p>\n<p>&nbsp;<\/p>\n<p>Seg\u00fan se inform\u00f3 desde Coopelectric, durante la reuni\u00f3n se brindaron detalles de las<strong> tareas de mantenimiento de Alumbrado P\u00fablico que se desarrollaron en los barrios Villa Mail\u00edn y Provincias Unidas.<\/strong><\/p>\n<p>&nbsp;<\/p>\n<p>En tal sentido, el<strong> ingeniero Claudio N\u00e1poli<\/strong> expres\u00f3: \u201c<strong>se repararon las luminarias que se encontraban apagadas y se retiraron las luminarias del centro de calle que estaban en desuso<\/strong>. Las mismas fueron reemplazadas por dos luminarias en cada cuadra y quedaron fuera de servicio pero restaba su retiro del lugar, por eso los vecinos las contabilizaban como artefactos apagados\u201d.<\/p>\n<p>&nbsp;<\/p>\n<p>Si bien el parque lum\u00ednico de ambos barrios ha quedado funcionando en su totalidad, desde Coopelectric se subray\u00f3 la importancia de que los asociados efect\u00faen los <strong>reclamos a trav\u00e9s de las v\u00edas de comunicaci\u00f3n habituales<\/strong> para facilitar la tarea y permitir su trazabilidad. En esa l\u00ednea, se destac\u00f3 la incorporaci\u00f3n del<strong> bot de WhatsApp (2284-230707) como nueva v\u00eda para realizar reclamos t\u00e9cnicos y administrativos<\/strong>, por lo que se invit\u00f3 a los vecinos a difundirlo entre los vecinos.<\/p>\n<p>&nbsp;<\/p>\n<p>Dado que <strong>Marina Lucero y Ruth Delaude<\/strong> ejercen la presidencia y la vicepresidencia respectivamente de la Sociedad de Fomento Provincias Unidas se abordaron otros temas vinculados a los servicios que presta la Cooperativa.<\/p>\n<p>&nbsp;<\/p>\n<p>En tal sentido, las autoridades de Coopelectric les manifestaron que en caso de tomar conocimiento sobre la situaci\u00f3n de alg\u00fan vecino que presente condiciones de vulnerabilidad o dificultades para abonar los servicios, no duden en acercarse a la Cooperativa para poder <strong>resolverlo contemplando la situaci\u00f3n de socioecon\u00f3mica de cada familia y garantizando la prestaci\u00f3n de los servicios esenciales.<\/strong><\/p>\n<p>&nbsp;<\/p>\n<p>Respecto del encuentro Arouxet resalt\u00f3 que \u201cse trat\u00f3 de una reuni\u00f3n cordial y muy amena. Siempre destaco el valor del di\u00e1logo como una herramienta fundamental para fortalecer nuestros v\u00ednculos institucionales y mantener un contacto permanente con las entidades intermedias y los vecinos de los diferentes barrios\u201d y a continuaci\u00f3n agreg\u00f3: <strong>\u201cles transmitimos tambi\u00e9n que las puertas de esta Cooperativa que nos pertenece a todos los vecinos de Olavarr\u00eda, est\u00e1n siempre abiertas para escuchar y acompa\u00f1ar las demandas de los asociados\u201d.<\/strong><\/p>\n","protected":false},"excerpt":{"rendered":"<p>Hablaron de alumbrado p\u00fablico, las l\u00edneas de comunicaci\u00f3n para realizar reclamos y la posibilidad de contemplar la situaci\u00f3n socioecon\u00f3mica de<\/p>\n","protected":false},"author":5,"featured_media":51384,"comment_status":"closed","ping_status":"closed","sticky":false,"template":"","format":"standard","meta":{"_jetpack_memberships_contains_paid_content":false,"footnotes":""},"categories":[5,1],"tags":[],"class_list":["post-51383","post","type-post","status-publish","format-standard","has-post-thumbnail","hentry","category-informacion-general","category-portada"],"jetpack_featured_media_url":"https:\/\/i0.wp.com\/cdnoticias.com\/wp-content\/uploads\/2022\/04\/Reunion-con-referentes-del-FOL-01.jpeg?fit=1600%2C900&ssl=1","jetpack_sharing_enabled":true,"_links":{"self":[{"href":"https:\/\/cdnoticias.com\/index.php\/wp-json\/wp\/v2\/posts\/51383","targetHints":{"allow":["GET"]}}],"collection":[{"href":"https:\/\/cdnoticias.com\/index.php\/wp-json\/wp\/v2\/posts"}],"about":[{"href":"https:\/\/cdnoticias.com\/index.php\/wp-json\/wp\/v2\/types\/post"}],"author":[{"embeddable":true,"href":"https:\/\/cdnoticias.com\/index.php\/wp-json\/wp\/v2\/users\/5"}],"replies":[{"embeddable":true,"href":"https:\/\/cdnoticias.com\/index.php\/wp-json\/wp\/v2\/comments?post=51383"}],"version-history":[{"count":0,"href":"https:\/\/cdnoticias.com\/index.php\/wp-json\/wp\/v2\/posts\/51383\/revisions"}],"wp:featuredmedia":[{"embeddable":true,"href":"https:\/\/cdnoticias.com\/index.php\/wp-json\/wp\/v2\/media\/51384"}],"wp:attachment":[{"href":"https:\/\/cdnoticias.com\/index.php\/wp-json\/wp\/v2\/media?parent=51383"}],"wp:term":[{"taxonomy":"category","embeddable":true,"href":"https:\/\/cdnoticias.com\/index.php\/wp-json\/wp\/v2\/categories?post=51383"},{"taxonomy":"post_tag","embeddable":true,"href":"https:\/\/cdnoticias.com\/index.php\/wp-json\/wp\/v2\/tags?post=51383"}],"curies":[{"name":"wp","href":"https:\/\/api.w.org\/{rel}","templated":true}]}}