{"id":51374,"date":"2022-04-11T08:14:03","date_gmt":"2022-04-11T11:14:03","guid":{"rendered":"https:\/\/www.centraldenoticias.com.ar\/?p=51374"},"modified":"2022-04-11T08:14:03","modified_gmt":"2022-04-11T11:14:03","slug":"hector-horacio-avila-tito-q-e-p-d","status":"publish","type":"post","link":"https:\/\/cdnoticias.com\/index.php\/2022\/04\/11\/hector-horacio-avila-tito-q-e-p-d\/","title":{"rendered":"H\u00e9ctor Horacio \u00c1vila \u201cTito\u201d (Q.E.P.D.)"},"content":{"rendered":"<p>Falleci\u00f3 en Olavarr\u00eda el 11 de abril a los 66 a\u00f1os de edad. Su esposa N\u00e9lida Mar\u00eda Pirola; sus hijos Jesica, Maximiliano y Flavio; sus nietos Florencia, Fernanda, Lautaro, Fabiana, Tiziano, Felipe y Umma; sus hijos pol\u00edticos Pablo, Vanesa y Norma; sus hermanos y dem\u00e1s deudos participan de su fallecimiento.<\/p>\n<p>&nbsp;<\/p>\n<p>Sus restos son velados en sala de Espa\u00f1a 2942 departamento &#8221;D&#8221;, este lunes 11 de abril a las 10, y ser\u00e1n inhumados en el cementerio Loma de Paz a las 15:30, previo responso en la capilla ardiente. Vecino de barrio Provincias Unidas. Alba\u00f1il. Afiliado al C.A.V.O y al deporte local.<\/p>\n","protected":false},"excerpt":{"rendered":"<p>Falleci\u00f3 en Olavarr\u00eda el 11 de abril a los 66 a\u00f1os de edad. Su esposa N\u00e9lida Mar\u00eda Pirola; sus hijos<\/p>\n","protected":false},"author":5,"featured_media":0,"comment_status":"closed","ping_status":"closed","sticky":false,"template":"","format":"standard","meta":{"_jetpack_memberships_contains_paid_content":false,"footnotes":""},"categories":[10],"tags":[],"class_list":["post-51374","post","type-post","status-publish","format-standard","hentry","category-necrologicas"],"jetpack_featured_media_url":"","jetpack_sharing_enabled":true,"_links":{"self":[{"href":"https:\/\/cdnoticias.com\/index.php\/wp-json\/wp\/v2\/posts\/51374","targetHints":{"allow":["GET"]}}],"collection":[{"href":"https:\/\/cdnoticias.com\/index.php\/wp-json\/wp\/v2\/posts"}],"about":[{"href":"https:\/\/cdnoticias.com\/index.php\/wp-json\/wp\/v2\/types\/post"}],"author":[{"embeddable":true,"href":"https:\/\/cdnoticias.com\/index.php\/wp-json\/wp\/v2\/users\/5"}],"replies":[{"embeddable":true,"href":"https:\/\/cdnoticias.com\/index.php\/wp-json\/wp\/v2\/comments?post=51374"}],"version-history":[{"count":0,"href":"https:\/\/cdnoticias.com\/index.php\/wp-json\/wp\/v2\/posts\/51374\/revisions"}],"wp:attachment":[{"href":"https:\/\/cdnoticias.com\/index.php\/wp-json\/wp\/v2\/media?parent=51374"}],"wp:term":[{"taxonomy":"category","embeddable":true,"href":"https:\/\/cdnoticias.com\/index.php\/wp-json\/wp\/v2\/categories?post=51374"},{"taxonomy":"post_tag","embeddable":true,"href":"https:\/\/cdnoticias.com\/index.php\/wp-json\/wp\/v2\/tags?post=51374"}],"curies":[{"name":"wp","href":"https:\/\/api.w.org\/{rel}","templated":true}]}}