{"id":5131,"date":"2020-10-29T08:41:34","date_gmt":"2020-10-29T11:41:34","guid":{"rendered":"http:\/\/www.centraldenoticias.com.ar\/?p=5131"},"modified":"2020-10-29T10:29:19","modified_gmt":"2020-10-29T13:29:19","slug":"nuevos-horarios-las-salidas-recreativas-se-extendieron-hasta-las-20","status":"publish","type":"post","link":"https:\/\/cdnoticias.com\/index.php\/2020\/10\/29\/nuevos-horarios-las-salidas-recreativas-se-extendieron-hasta-las-20\/","title":{"rendered":"Nuevos horarios: las salidas recreativas se extendieron hasta las 20"},"content":{"rendered":"<p>As\u00ed lo dio a conocer el Municipio en el decreto que ratifica el regreso a Fase 3. Si bien se encuentra sujeto a modificaciones, la normativa estima mantener esta situaci\u00f3n hasta el 8 de noviembre.<!--more--><\/p>\n<hr \/>\n<p>En la actualizaci\u00f3n de la normativa que<strong> confirma el regreso a Fase 3 de Olavarr\u00eda<\/strong>, uno de los nuevos detalles que se conocieron es que <strong>hubo una extensi\u00f3n horaria en las salidas recreativas hasta las 20 horas.<\/strong><\/p>\n<p>&nbsp;<\/p>\n<p>De esta forma, y teniendo en cuenta el horario de verano<strong>, habr\u00e1 dos horas m\u00e1s en donde los olavarrienses podr\u00e1n salir a realizar actividades de esparcimiento en los parques p\u00fablicos de la ciudad, respetando los protocolos y medidas de seguridad decretadas por el Municipio<\/strong> tales como el distanciamiento social, el uso de tapaboca o barbijo obligatorio, la no utilizaci\u00f3n de juegos en plazas y parques, y tambi\u00e9n no compartir bebidas de la misma botella o mate.<\/p>\n<p>&nbsp;<\/p>\n<blockquote><p>Otra de las actualizaciones importantes vinculadas a los espacios verdes de la ciudad es que los runners no tienen, formalmente, un l\u00edmite horario para salir a correr: podr\u00e1n hacerlo en cualquier momento del d\u00eda. Este punto, cabe se\u00f1alar, ratifica lo que en la informalidad ven\u00eda sucediendo, que es que muchas personas sal\u00edan a correr en el horario \u201cque pod\u00edan\u201d.<\/p><\/blockquote>\n<p>&nbsp;<\/p>\n<p>Uno de los puntos a tener en cuenta es que, si bien la situaci\u00f3n es din\u00e1mica y el regreso a Fase 3 es s\u00f3lo por una semana,<strong> el decreto establece en algunos puntos su vigencia hasta el 8 de noviembre inclusive<\/strong>. La charla durante el fin de semana con la Provincia determinar\u00e1 las pr\u00f3ximas modificaciones para Olavarr\u00eda en la pandemia.<\/p>\n","protected":false},"excerpt":{"rendered":"<p>As\u00ed lo dio a conocer el Municipio en el decreto que ratifica el regreso a Fase 3. Si bien se<\/p>\n","protected":false},"author":2,"featured_media":549,"comment_status":"closed","ping_status":"closed","sticky":false,"template":"","format":"standard","meta":{"_jetpack_memberships_contains_paid_content":false,"footnotes":""},"categories":[5,1],"tags":[],"class_list":["post-5131","post","type-post","status-publish","format-standard","has-post-thumbnail","hentry","category-informacion-general","category-portada"],"jetpack_featured_media_url":"https:\/\/i0.wp.com\/cdnoticias.com\/wp-content\/uploads\/2020\/09\/parquerecreativo.jpg?fit=3864%2C2436&ssl=1","jetpack_sharing_enabled":true,"_links":{"self":[{"href":"https:\/\/cdnoticias.com\/index.php\/wp-json\/wp\/v2\/posts\/5131","targetHints":{"allow":["GET"]}}],"collection":[{"href":"https:\/\/cdnoticias.com\/index.php\/wp-json\/wp\/v2\/posts"}],"about":[{"href":"https:\/\/cdnoticias.com\/index.php\/wp-json\/wp\/v2\/types\/post"}],"author":[{"embeddable":true,"href":"https:\/\/cdnoticias.com\/index.php\/wp-json\/wp\/v2\/users\/2"}],"replies":[{"embeddable":true,"href":"https:\/\/cdnoticias.com\/index.php\/wp-json\/wp\/v2\/comments?post=5131"}],"version-history":[{"count":0,"href":"https:\/\/cdnoticias.com\/index.php\/wp-json\/wp\/v2\/posts\/5131\/revisions"}],"wp:featuredmedia":[{"embeddable":true,"href":"https:\/\/cdnoticias.com\/index.php\/wp-json\/wp\/v2\/media\/549"}],"wp:attachment":[{"href":"https:\/\/cdnoticias.com\/index.php\/wp-json\/wp\/v2\/media?parent=5131"}],"wp:term":[{"taxonomy":"category","embeddable":true,"href":"https:\/\/cdnoticias.com\/index.php\/wp-json\/wp\/v2\/categories?post=5131"},{"taxonomy":"post_tag","embeddable":true,"href":"https:\/\/cdnoticias.com\/index.php\/wp-json\/wp\/v2\/tags?post=5131"}],"curies":[{"name":"wp","href":"https:\/\/api.w.org\/{rel}","templated":true}]}}